{"id":465241,"date":"2017-03-01T22:57:55","date_gmt":"2017-03-02T04:57:55","guid":{"rendered":"https:\/\/www.futboltotal.com.mx\/?p=465241"},"modified":"2017-03-01T23:27:18","modified_gmt":"2017-03-02T05:27:18","slug":"resultado-concachampions-pumas-0-3-tigres","status":"publish","type":"post","link":"http:\/\/desarrollo.grupomedios.com\/futbol\/destacado-home\/resultado-concachampions-pumas-0-3-tigres\/2017\/03","title":{"rendered":"\u00a1Tigres golea a Pumas y avanza a Semifinales!"},"content":{"rendered":"<p>En el estadio Ol\u00edmpico Universitario, Pumas recibi\u00f3 a Tigres para el duelo definitivo de los Cuartos de Final de la CONCACAF Champions League, donde se vivi\u00f3 un juego parejo y atractivo para la afici\u00f3n que se dio cita en el sur de la Ciudad de M\u00e9xico.<\/p>\n<p>Pumas tom\u00f3 la iniciativa del encuentro, por lo que tuvo contra las cuerdas a Tigres, en los primeros minutos, aunque los contragolpes visitantes parec\u00edan de cuidado, situaci\u00f3n que hac\u00eda que se equilibraran las fuerzas de ambos clubes.<\/p>\n<p>El dominio auriazul fue mermando, lo que permiti\u00f3 que lo dirigidos por Tuca, pudieran generar peligro constante en la meta local; de esta forma se adelantaron en el marcador gracias a un remate de Jurgen Damm en el \u00e1rea.<\/p>\n<blockquote class=\"twitter-video\" data-lang=\"es\">\n<p dir=\"ltr\" lang=\"nl\">GOAL Tigres, Jurgen DAMM No. 25 | <a href=\"https:\/\/twitter.com\/PumasMX\">@PumasMX<\/a> <a href=\"https:\/\/twitter.com\/TigresOficial\">@TigresOficial<\/a> <a href=\"https:\/\/twitter.com\/hashtag\/SCCL?src=hash\">#SCCL<\/a> <a href=\"https:\/\/twitter.com\/hashtag\/SoyAficionado?src=hash\">#SoyAficionado<\/a> <a href=\"https:\/\/t.co\/52Zz5iOgeG\">pic.twitter.com\/52Zz5iOgeG<\/a><\/p>\n<p>\u2014 THE CHAMPIONS (@TheChampions) <a href=\"https:\/\/twitter.com\/TheChampions\/status\/837146575185014785\">2 de marzo de 2017<\/a><\/p><\/blockquote>\n<p><script async src=\"\/\/platform.twitter.com\/widgets.js\" charset=\"utf-8\"><\/script><\/p>\n<p>Pumas intent\u00f3 reaccionar tras la anotaci\u00f3n, pero el trabajo defensivo de Tigres se intensific\u00f3 notoriamente, as\u00ed que los contragolpes, aunque se dieron en menor cantidad, s\u00ed eran de alta calidad, por lo que el segundo gol lleg\u00f3 en el complemento, por cuenta de Jurgen Damm.<\/p>\n<blockquote class=\"twitter-video\" data-lang=\"es\">\n<p dir=\"ltr\" lang=\"nl\">GOAL Tigres, Jurgen DAMM No. 25 | <a href=\"https:\/\/twitter.com\/PumasMX\">@PumasMX<\/a> <a href=\"https:\/\/twitter.com\/TigresOficial\">@TigresOficial<\/a> <a href=\"https:\/\/twitter.com\/hashtag\/SCCL?src=hash\">#SCCL<\/a> <a href=\"https:\/\/twitter.com\/hashtag\/SoyAficionado?src=hash\">#SoyAficionado<\/a> <a href=\"https:\/\/t.co\/a6sMwnRZzG\">pic.twitter.com\/a6sMwnRZzG<\/a><\/p>\n<p>\u2014 THE CHAMPIONS (@TheChampions) <a href=\"https:\/\/twitter.com\/TheChampions\/status\/837159113788370945\">2 de marzo de 2017<\/a><\/p><\/blockquote>\n<p><script async src=\"\/\/platform.twitter.com\/widgets.js\" charset=\"utf-8\"><\/script><\/p>\n<p>En el cierre del encuentro, Luis Qui\u00f1ones cerr\u00f3 la goleada con una grata definici\u00f3n, para asegurar la clasificaci\u00f3n de Tigres a Semifinales de Concachampions y convertirse en verdugo de Pumas, por tercera vez consecutiva en una fase de eliminaci\u00f3n.<\/p>\n<blockquote class=\"twitter-video\" data-lang=\"es\">\n<p dir=\"ltr\" lang=\"pt\">GOAL Tigres, Luis No. 11 | <a href=\"https:\/\/twitter.com\/PumasMX\">@PumasMX<\/a> <a href=\"https:\/\/twitter.com\/TigresOficial\">@TigresOficial<\/a> <a href=\"https:\/\/twitter.com\/hashtag\/SCCL?src=hash\">#SCCL<\/a> <a href=\"https:\/\/twitter.com\/hashtag\/SoyAficionado?src=hash\">#SoyAficionado<\/a> <a href=\"https:\/\/t.co\/iJSWq28BbZ\">pic.twitter.com\/iJSWq28BbZ<\/a><\/p>\n<p>\u2014 THE CHAMPIONS (@TheChampions) <a href=\"https:\/\/twitter.com\/TheChampions\/status\/837165870732410881\">2 de marzo de 2017<\/a><\/p><\/blockquote>\n<p><script async src=\"\/\/platform.twitter.com\/widgets.js\" charset=\"utf-8\"><\/script><\/p>\n<p>Alineaciones:<\/p>\n<p>Pumas: Sald\u00edvar; Van Rankin, J\u00e1quez, Ver\u00f3n, Mendoza (Britos, 68\u2019); Barrera, Cort\u00e9s, Gonz\u00e1lez, Gallardo, Rabello, Castillo. DT. Palencia.<\/p>\n<p>Tigres: Guzm\u00e1n; Adv\u00edncula, Ayala, Juninho (Meza, 78\u2019), Torres Nilo; Pizarro, Due\u00f1as, Damm, Vargas, \u00c1lvarez (Qui\u00f1ones, 24\u2019); Gignac (Zelaray\u00e1n, 81\u2019). DT. Ferretti.<\/p>\n<p style=\"text-align: center;\"><span style=\"color: #3366ff;\"><a style=\"color: #3366ff;\" href=\"https:\/\/www.futboltotal.com.mx\/2017\/03\/en-vivo-pumas-vs-tigres-concachampions\/\" target=\"_blank\"><strong>LEER M\u00c1S: AS\u00cd SE VIVI\u00d3 | Pumas 0-3 Tigres<\/strong><\/a><\/span><\/p>\n","protected":false},"excerpt":{"rendered":"<p>Con zarpazos de Damm en dos ocasiones, y Qui\u00f1ones, la UANL confirma ser verdugo auriazul.<\/p>\n","protected":false},"author":20,"featured_media":465245,"comment_status":"closed","ping_status":"closed","sticky":false,"template":"","format":"standard","meta":[],"categories":[5398,5,3839,2198],"tags":[3182,74,5973],"_links":{"self":[{"href":"http:\/\/desarrollo.grupomedios.com\/futbol\/wp-json\/wp\/v2\/posts\/465241"}],"collection":[{"href":"http:\/\/desarrollo.grupomedios.com\/futbol\/wp-json\/wp\/v2\/posts"}],"about":[{"href":"http:\/\/desarrollo.grupomedios.com\/futbol\/wp-json\/wp\/v2\/types\/post"}],"author":[{"embeddable":true,"href":"http:\/\/desarrollo.grupomedios.com\/futbol\/wp-json\/wp\/v2\/users\/20"}],"replies":[{"embeddable":true,"href":"http:\/\/desarrollo.grupomedios.com\/futbol\/wp-json\/wp\/v2\/comments?post=465241"}],"version-history":[{"count":0,"href":"http:\/\/desarrollo.grupomedios.com\/futbol\/wp-json\/wp\/v2\/posts\/465241\/revisions"}],"wp:featuredmedia":[{"embeddable":true,"href":"http:\/\/desarrollo.grupomedios.com\/futbol\/wp-json\/wp\/v2\/media\/465245"}],"wp:attachment":[{"href":"http:\/\/desarrollo.grupomedios.com\/futbol\/wp-json\/wp\/v2\/media?parent=465241"}],"wp:term":[{"taxonomy":"category","embeddable":true,"href":"http:\/\/desarrollo.grupomedios.com\/futbol\/wp-json\/wp\/v2\/categories?post=465241"},{"taxonomy":"post_tag","embeddable":true,"href":"http:\/\/desarrollo.grupomedios.com\/futbol\/wp-json\/wp\/v2\/tags?post=465241"}],"curies":[{"name":"wp","href":"https:\/\/api.w.org\/{rel}","templated":true}]}}