{"id":465300,"date":"2017-03-02T09:21:39","date_gmt":"2017-03-02T15:21:39","guid":{"rendered":"https:\/\/www.futboltotal.com.mx\/?p=465300"},"modified":"2017-03-02T10:11:32","modified_gmt":"2017-03-02T16:11:32","slug":"mourinho-me-dijo-lloron-pero-era-por-mi-bien-confiesa-mesut-ozil","status":"publish","type":"post","link":"http:\/\/desarrollo.grupomedios.com\/futbol\/futbol-internacional\/mourinho-me-dijo-lloron-pero-era-por-mi-bien-confiesa-mesut-ozil\/2017\/03","title":{"rendered":"&#8220;Mourinho me dijo llor\u00f3n y casi lo golpeo&#8221;, confiesa Ozil"},"content":{"rendered":"<p>El internacional alem\u00e1n <strong>Mesut Ozil<\/strong> cuenta c\u00f3mo -en sus tiempos en el Real Madrid- tuvo una gran discusi\u00f3n con Jos\u00e9 Mourinho, a quien tuvo incluso ganas de agredir f\u00edsicamente, aunque luego le agradeci\u00f3 sus provocaciones, en las que el entrenador lleg\u00f3 a llamarle &#8220;cobarde&#8221;.<\/p>\n<p>En su autobiograf\u00eda, de la que el diario alem\u00e1n <em>Bild<\/em> adelanta hoy unos extractos, Ozil relata una discusi\u00f3n en la que Mourinho arremeti\u00f3 contra todo el equipo pero con especial \u00e9nfasis contra el alem\u00e1n.<\/p>\n<p style=\"text-align: center;\"><a href=\"https:\/\/www.futboltotal.com.mx\/2017\/03\/guardiola-considera-luis-enrique-perfecto-barcelona\/\"><span style=\"color: #3366ff;\">LEER M\u00c1S:\u00a0Guardiola considera que Luis Enrique es perfecto para Barcelona<\/span><\/a><\/p>\n<p>&#8220;Tu crees que basta con que hagas un par de buenos pases, eres demasiado fino para luchar por balones divididos. Te sientes tan bueno que crees que es suficiente dar el 50 por ciento&#8221;, le dijo Mourinho en el descanso de un partido que no identifica.<\/p>\n<p><strong>Ozil<\/strong> le contest\u00f3 con un grito -&#8220;\u00bfqu\u00e9 demonios es lo que quieres?&#8221;- y luego se quej\u00f3 en voz m\u00e1s baja con Sergio Ramos de que Mourinho nunca estaba satisfecho.<\/p>\n<p>&#8220;Quiero que juegues de la mejor manera posible, que vayas a los duelos por los balones divididos&#8221;, le grit\u00f3 Mourinho.<\/p>\n<p>Luego le dijo que si quer\u00eda ver c\u00f3mo eran sus luchas por los balones divididos y empez\u00f3 a dar saltitos rid\u00edculos por el vestuario.<\/p>\n<p>&#8220;Si t\u00fa tienes tantos cojones, juega t\u00fa, aqu\u00ed tienes, p\u00f3ntela&#8221;, le grit\u00f3 <strong>Mesut Ozil<\/strong> y le tir\u00f3 su camiseta a los pies.<\/p>\n<p>Mourinho le respondi\u00f3 con una sonrisa ir\u00f3nica y se le acerc\u00f3 para preguntarle si hab\u00eda decidido rendirse.<\/p>\n<p>&#8220;Ah, \u00bfahora te rindes? \u00bfQu\u00e9 quieres? \u00bfUna ducha con agua caliente, lavarte el pelo y estar solo? \u00bfO quieres mostrarle a tus compa\u00f1eros, a los hinchas all\u00e1 afuera y a m\u00ed de todo lo que eres capaz?&#8221;, dijo el entrenador.<\/p>\n<p>En ese momento, <strong>Ozil<\/strong> estuvo a punto de perder los papeles: &#8220;lo que quer\u00eda era lanzarle las botas a la cabeza&#8221;.<\/p>\n<p>&#8220;\u00bfSabes, <strong>Mesut<\/strong>? Llora, eres un beb\u00e9, ve a ducharte, no te necesitamos&#8221;, le dijo Mourinho de manera que todos le oyeran. Y <strong>Ozil<\/strong> se fue a duchar sin mirar a nadie.<\/p>\n<p>Despu\u00e9s <strong>Ozil<\/strong> sinti\u00f3 que hab\u00eda dejado en la estacada a sus compa\u00f1eros y esa misma noche se disculp\u00f3 con Sergio Ramos y despu\u00e9s con los otros.<\/p>\n<p style=\"text-align: center;\"><a href=\"https:\/\/www.futboltotal.com.mx\/2017\/03\/llegar-nuevo-entrenador-del-barcelona\/\"><span style=\"color: #3366ff;\">LEER M\u00c1S:\u00a0\u00bfQui\u00e9n deber\u00eda llegar como nuevo entrenador del Barcelona?<\/span><\/a><\/p>\n<p>&#8220;Despu\u00e9s entend\u00ed por qu\u00e9 Mourinho se hab\u00eda comportado as\u00ed. En el fondo era f\u00e1cil de entender, \u00e9l quer\u00eda que yo lo diera todo, que saliera de mi zona de comodidad, quer\u00eda impulsarme de tal manera que mi evoluci\u00f3n no parara nunca&#8221;, escribe <strong>Ozil<\/strong>.<\/p>\n<p>&#8220;En sentido estricto, Mourinho ten\u00eda raz\u00f3n. Cuando llegu\u00e9 a Madrid tend\u00eda a creer que bastaba con un poco de juego bonito y me daba muy pronto por satisfecho. El me quit\u00f3 esa actitud y m\u00e1s tarde le di las gracias&#8221;, dice <strong>Mesut Ozil<\/strong>.<\/p>\n<p><b>S\u00edguenos en <span id=\"m_3323154457747133523goog_2054972132\"><\/span>Twitter <a href=\"https:\/\/twitter.com\/MXFutbolTotal\" target=\"_blank\" data-saferedirecturl=\"https:\/\/www.google.com\/url?hl=es&amp;q=https:\/\/twitter.com\/MXFutbolTotal&amp;source=gmail&amp;ust=1488553310191000&amp;usg=AFQjCNGrMMRNZvUrXUeryL---cjkWe0klg\">@MXFutbolTotal<\/a><\/b><\/p>\n","protected":false},"excerpt":{"rendered":"<p>El alem\u00e1n reflexion\u00f3 que The Special One solo quer\u00eda sacarle lo mejor de su futbol.<\/p>\n","protected":false},"author":144,"featured_media":465302,"comment_status":"closed","ping_status":"closed","sticky":false,"template":"","format":"standard","meta":[],"categories":[3839,3844,5951],"tags":[288,465,5988,6020],"_links":{"self":[{"href":"http:\/\/desarrollo.grupomedios.com\/futbol\/wp-json\/wp\/v2\/posts\/465300"}],"collection":[{"href":"http:\/\/desarrollo.grupomedios.com\/futbol\/wp-json\/wp\/v2\/posts"}],"about":[{"href":"http:\/\/desarrollo.grupomedios.com\/futbol\/wp-json\/wp\/v2\/types\/post"}],"author":[{"embeddable":true,"href":"http:\/\/desarrollo.grupomedios.com\/futbol\/wp-json\/wp\/v2\/users\/144"}],"replies":[{"embeddable":true,"href":"http:\/\/desarrollo.grupomedios.com\/futbol\/wp-json\/wp\/v2\/comments?post=465300"}],"version-history":[{"count":0,"href":"http:\/\/desarrollo.grupomedios.com\/futbol\/wp-json\/wp\/v2\/posts\/465300\/revisions"}],"wp:featuredmedia":[{"embeddable":true,"href":"http:\/\/desarrollo.grupomedios.com\/futbol\/wp-json\/wp\/v2\/media\/465302"}],"wp:attachment":[{"href":"http:\/\/desarrollo.grupomedios.com\/futbol\/wp-json\/wp\/v2\/media?parent=465300"}],"wp:term":[{"taxonomy":"category","embeddable":true,"href":"http:\/\/desarrollo.grupomedios.com\/futbol\/wp-json\/wp\/v2\/categories?post=465300"},{"taxonomy":"post_tag","embeddable":true,"href":"http:\/\/desarrollo.grupomedios.com\/futbol\/wp-json\/wp\/v2\/tags?post=465300"}],"curies":[{"name":"wp","href":"https:\/\/api.w.org\/{rel}","templated":true}]}}