{"id":465309,"date":"2017-03-02T10:33:57","date_gmt":"2017-03-02T16:33:57","guid":{"rendered":"https:\/\/www.futboltotal.com.mx\/?p=465309"},"modified":"2017-03-02T10:35:34","modified_gmt":"2017-03-02T16:35:34","slug":"fallece-ex-jugador-morelia","status":"publish","type":"post","link":"http:\/\/desarrollo.grupomedios.com\/futbol\/futbol-mexicano\/fallece-ex-jugador-morelia\/2017\/03","title":{"rendered":"Falleci\u00f3 exjugador del Morelia"},"content":{"rendered":"<p>El canterano de\u00a0<strong>Monarcas Morelia<\/strong>, <strong>Silvestre Blas Fierros<\/strong>, falleci\u00f3 a la edad de 23 a\u00f1os este mi\u00e9rcoles. Las causas de su muerte se desconocen hasta el momento.<\/p>\n<p>El club confirm\u00f3 su deceso a trav\u00e9s de su cuenta de <em>twitter<\/em> y mand\u00f3 un mensaje de aliento para los familiares del ex mediocampista.<\/p>\n<p style=\"text-align: center;\"><span style=\"color: #3366ff;\">LEER M\u00c1S: Todas las noticias de futbol mexicano<\/span><\/p>\n<blockquote class=\"twitter-tweet\" data-lang=\"es\">\n<p dir=\"ltr\" lang=\"es\">Nos duele profundamente, nuestras condolencias para familiares y amigos de Silvestre Blas \u00a1Siempre te recordaremos Piolo! QEPD. <a href=\"https:\/\/t.co\/U4Xp4rbngF\">pic.twitter.com\/U4Xp4rbngF<\/a><\/p>\n<p>\u2014 Monarcas Morelia (@FuerzaMonarca) <a href=\"https:\/\/twitter.com\/FuerzaMonarca\/status\/837112461799018496\">2 de marzo de 2017<\/a><\/p><\/blockquote>\n<p><script async src=\"\/\/platform.twitter.com\/widgets.js\" charset=\"utf-8\"><\/script><\/p>\n<p><strong>Silvestre Blas Fierros\u00a0<\/strong>era originario de\u00a0Huetamo, Michoac\u00e1n y logr\u00f3 debutar a la edad de 20 a\u00f1os, el 5 de agosto de 2014, en un duelo de Copa MX ante Necaxa. El entonces DT del club \u00c1ngel Comizzo lo coloc\u00f3 como titular y lo tomen cuenta durante otros dos partidos coperos.<\/p>\n<p>Con los <em>Purepechas<\/em> estuvo de 2013 a\u00a02016 y su \u00faltimo torneo fue el Clausura 2016. El <em>Piolo<\/em>, como lo apodaban en el equipo, dej\u00f3 al club al no poder contar con los minutos esperados y se fue a radicar a Estados Unidos, donde perdi\u00f3 la vida.<\/p>\n<p>&nbsp;<\/p>\n","protected":false},"excerpt":{"rendered":"<p>El ex mediocampista perdi\u00f3 la vida a los 23 a\u00f1os en Estados Unidos. <\/p>\n","protected":false},"author":20,"featured_media":465334,"comment_status":"closed","ping_status":"closed","sticky":false,"template":"","format":"standard","meta":[],"categories":[2198,3845,5950],"tags":[5967],"_links":{"self":[{"href":"http:\/\/desarrollo.grupomedios.com\/futbol\/wp-json\/wp\/v2\/posts\/465309"}],"collection":[{"href":"http:\/\/desarrollo.grupomedios.com\/futbol\/wp-json\/wp\/v2\/posts"}],"about":[{"href":"http:\/\/desarrollo.grupomedios.com\/futbol\/wp-json\/wp\/v2\/types\/post"}],"author":[{"embeddable":true,"href":"http:\/\/desarrollo.grupomedios.com\/futbol\/wp-json\/wp\/v2\/users\/20"}],"replies":[{"embeddable":true,"href":"http:\/\/desarrollo.grupomedios.com\/futbol\/wp-json\/wp\/v2\/comments?post=465309"}],"version-history":[{"count":0,"href":"http:\/\/desarrollo.grupomedios.com\/futbol\/wp-json\/wp\/v2\/posts\/465309\/revisions"}],"wp:featuredmedia":[{"embeddable":true,"href":"http:\/\/desarrollo.grupomedios.com\/futbol\/wp-json\/wp\/v2\/media\/465334"}],"wp:attachment":[{"href":"http:\/\/desarrollo.grupomedios.com\/futbol\/wp-json\/wp\/v2\/media?parent=465309"}],"wp:term":[{"taxonomy":"category","embeddable":true,"href":"http:\/\/desarrollo.grupomedios.com\/futbol\/wp-json\/wp\/v2\/categories?post=465309"},{"taxonomy":"post_tag","embeddable":true,"href":"http:\/\/desarrollo.grupomedios.com\/futbol\/wp-json\/wp\/v2\/tags?post=465309"}],"curies":[{"name":"wp","href":"https:\/\/api.w.org\/{rel}","templated":true}]}}