{"id":465318,"date":"2017-03-02T11:00:59","date_gmt":"2017-03-02T17:00:59","guid":{"rendered":"https:\/\/www.futboltotal.com.mx\/?p=465318"},"modified":"2017-03-02T11:43:34","modified_gmt":"2017-03-02T17:43:34","slug":"leon-la-fiera-evito-bicampeonato-del-america","status":"publish","type":"post","link":"http:\/\/desarrollo.grupomedios.com\/futbol\/videos\/leon-la-fiera-evito-bicampeonato-del-america\/2017\/03","title":{"rendered":"Le\u00f3n, la Fiera que evit\u00f3 el bicampeonato del Am\u00e9rica"},"content":{"rendered":"<p>En la <strong>Liga MX<\/strong> no se recuerda un <strong>Le\u00f3n<\/strong> con tanta vor\u00e1gine como el que entren\u00f3 el uruguayo Gustavo Matosas, quien fue un prestidigitador capaz de ascender al club tras 10 a\u00f1os de ausencia en la Primera Divisi\u00f3n y materializ\u00f3 el sue\u00f1o que, hasta entonces, solo los Pumas de la UNAM hab\u00edan realizado en la historia de los torneos cortos.<\/p>\n<p>La haza\u00f1a de la <em>Fiera<\/em>\u00a0comenz\u00f3 en el Apertura 2013, nada menos que ante el <strong>Am\u00e9rica<\/strong>, el rival al que recibe en el Nou Camp este s\u00e1bado y al que aniquil\u00f3 en una final \u00e9pica a doble partido.<\/p>\n<p>En Futbol Total recordamos aquel d\u00eda en que Le\u00f3n evit\u00f3 el bicampeonato del Am\u00e9rica&#8230; Seis meses despu\u00e9s la <em>Fiera<\/em> s\u00ed lo consigui\u00f3.<\/p>\n<p style=\"text-align: center;\"><span style=\"color: #3366ff;\">LEER M\u00c1S: Todas las noticias de futbol mexicano<\/span><\/p>\n<p>[video_player]https:\/\/player.vimeo.com\/external\/206323509.hd.mp4?s=42943eb1ed04fba5055776ca47c09d270ca6346c&amp;profile_id=174[\/video_player]<\/p>\n","protected":false},"excerpt":{"rendered":"<p>Los Panzas Verdes negaron la haza\u00f1a a las \u00c1guilas para conseguirla seis meses despu\u00e9s. <\/p>\n","protected":false},"author":20,"featured_media":465336,"comment_status":"closed","ping_status":"closed","sticky":false,"template":"","format":"standard","meta":[],"categories":[5,2198,3845,4],"tags":[5959,5965],"_links":{"self":[{"href":"http:\/\/desarrollo.grupomedios.com\/futbol\/wp-json\/wp\/v2\/posts\/465318"}],"collection":[{"href":"http:\/\/desarrollo.grupomedios.com\/futbol\/wp-json\/wp\/v2\/posts"}],"about":[{"href":"http:\/\/desarrollo.grupomedios.com\/futbol\/wp-json\/wp\/v2\/types\/post"}],"author":[{"embeddable":true,"href":"http:\/\/desarrollo.grupomedios.com\/futbol\/wp-json\/wp\/v2\/users\/20"}],"replies":[{"embeddable":true,"href":"http:\/\/desarrollo.grupomedios.com\/futbol\/wp-json\/wp\/v2\/comments?post=465318"}],"version-history":[{"count":0,"href":"http:\/\/desarrollo.grupomedios.com\/futbol\/wp-json\/wp\/v2\/posts\/465318\/revisions"}],"wp:featuredmedia":[{"embeddable":true,"href":"http:\/\/desarrollo.grupomedios.com\/futbol\/wp-json\/wp\/v2\/media\/465336"}],"wp:attachment":[{"href":"http:\/\/desarrollo.grupomedios.com\/futbol\/wp-json\/wp\/v2\/media?parent=465318"}],"wp:term":[{"taxonomy":"category","embeddable":true,"href":"http:\/\/desarrollo.grupomedios.com\/futbol\/wp-json\/wp\/v2\/categories?post=465318"},{"taxonomy":"post_tag","embeddable":true,"href":"http:\/\/desarrollo.grupomedios.com\/futbol\/wp-json\/wp\/v2\/tags?post=465318"}],"curies":[{"name":"wp","href":"https:\/\/api.w.org\/{rel}","templated":true}]}}