{"id":465366,"date":"2017-03-02T13:39:38","date_gmt":"2017-03-02T19:39:38","guid":{"rendered":"https:\/\/www.futboltotal.com.mx\/?p=465366"},"modified":"2017-03-02T13:39:38","modified_gmt":"2017-03-02T19:39:38","slug":"osorio-memo-ochoa-jugador-importante-tri","status":"publish","type":"post","link":"http:\/\/desarrollo.grupomedios.com\/futbol\/destacado-home\/osorio-memo-ochoa-jugador-importante-tri\/2017\/03","title":{"rendered":"Osorio: &#8220;Memo Ochoa es un jugador muy importante para el Tri&#8221;"},"content":{"rendered":"<p>El seleccionador de <strong>M\u00e9xico<\/strong>, el colombiano <strong>Juan Carlos Osorio<\/strong>, dijo este jueves que es consciente del &#8220;momento&#8221; del meta <strong>Guillermo Ochoa<\/strong>, actualmente en el <strong>Granada<\/strong>, y lo que calific\u00f3 como &#8220;un jugador muy importante&#8221; para el combinado azteca nacional.<\/p>\n<p>Osorio ha pasado los \u00faltimos d\u00edas en Granada, donde el mi\u00e9rcoles pudo seguir en directo las evoluciones de Ochoa en el encuentro que el equipo andaluz venci\u00f3 al Deportivo Alav\u00e9s (2-1), y este jueves visit\u00f3 junto al arquero la Ciudad Deportiva del equipo granadinista.<\/p>\n<p>El seleccionador mexicano indic\u00f3, en declaraciones a la televisi\u00f3n del Granada CF, que se encuentra &#8220;de visita por Europa para visitar los jugadores&#8221; del pa\u00eds que militan en equipos de este continente y se refiri\u00f3 espec\u00edficamente a Ochoa.<\/p>\n<p>&nbsp;<\/p>\n<blockquote class=\"twitter-video\" data-lang=\"es\">\n<p dir=\"ltr\" lang=\"es\">Este jueves nos visit\u00f3 el seleccionador mexicano, Juan C. Osorio: &#8220;Esta Ciudad Deportiva est\u00e1 a la vanguardia de lo que exige el f\u00fatbol hoy&#8221; <a href=\"https:\/\/t.co\/1fdJWsecgM\">pic.twitter.com\/1fdJWsecgM<\/a><\/p>\n<p>\u2014 Granada C.F. (@GranadaCdeF) <a href=\"https:\/\/twitter.com\/GranadaCdeF\/status\/837373098185932800\">2 de marzo de 2017<\/a><\/p><\/blockquote>\n<p><script async src=\"\/\/platform.twitter.com\/widgets.js\" charset=\"utf-8\"><\/script><\/p>\n<p><a href=\"https:\/\/www.futboltotal.com.mx\/2017\/03\/chucky-lozano-la-venta-mas-cara-del-futbol-mexicano\/\">VER M\u00c1S: CHUCKY LOZANO, \u00bfLA VENTA M\u00c1S CARA DEL FUTBOL MEXICANO?<\/a><\/p>\n<p>&#8220;Fue reconfortante verlo en el partido. Tuvo una buena actuaci\u00f3n y somos conscientes de su momento actual. Es un jugador muy importante para la selecci\u00f3n mexicana&#8221;, apunt\u00f3.<\/p>\n<p>Osorio se mostr\u00f3 &#8220;contento&#8221; de que Ochoa milite esta campa\u00f1a en un &#8220;buen club&#8221; como el Granada y dese\u00f3 al conjunto rojiblanco &#8220;que acabe bien la Liga&#8221;.<\/p>\n<p>El t\u00e9cnico colombiano tambi\u00e9n se refiri\u00f3 a su compatriota Adri\u00e1n Ramos, refuerzo estrella del Granada en el pasado mercado invernal, del que coment\u00f3 que es un jugador &#8220;que se ha sabido mantener en Europa&#8221;.<\/p>\n<p><a href=\"https:\/\/www.futboltotal.com.mx\/2017\/03\/guerron-anuncia-salida-cruz-azul\/\">VER M\u00c1S: CRUZ AZUL DEJ\u00d3 EN LIBERTAD A JOFFRE GUERR\u00d3N<\/a><\/p>\n<p>&#8220;Le aporta mucho al equipo, es un nueve de \u00e1rea capaz de aguantar la pelota, de conectar, de prolongar por su buen juego a\u00e9reo. Su cuota goleadora le va a servir al equipo&#8221;, a\u00f1adi\u00f3 sobre Adri\u00e1n Ramos.<\/p>\n<p>Osorio se mostr\u00f3 &#8220;gratamente sorprendido&#8221; por la &#8220;extraordinaria&#8221; ciudad deportiva con la que cuenta el Granada porque &#8220;es contempor\u00e1nea y est\u00e1 a la vanguardia de lo que se ve en el mundo del f\u00fatbol&#8221;.<\/p>\n<p class=\"p1\"><span class=\"s1\"><b>S\u00edguenos en Twitter<\/b>:\u00a0<a href=\"https:\/\/twitter.com\/MXFutbolTotal\"><span class=\"s2\">@MXFutbolTotal<\/span><\/a><\/span><\/p>\n","protected":false},"excerpt":{"rendered":"<p>Osorio ha pasado los \u00faltimos d\u00edas en Granada, donde vio a Ochoa en el triunfo ante Alav\u00e9s.<\/p>\n","protected":false},"author":144,"featured_media":465367,"comment_status":"closed","ping_status":"closed","sticky":false,"template":"","format":"standard","meta":[],"categories":[5,2198,3845],"tags":[700,5991,6196,679,65,2027,6255,409],"_links":{"self":[{"href":"http:\/\/desarrollo.grupomedios.com\/futbol\/wp-json\/wp\/v2\/posts\/465366"}],"collection":[{"href":"http:\/\/desarrollo.grupomedios.com\/futbol\/wp-json\/wp\/v2\/posts"}],"about":[{"href":"http:\/\/desarrollo.grupomedios.com\/futbol\/wp-json\/wp\/v2\/types\/post"}],"author":[{"embeddable":true,"href":"http:\/\/desarrollo.grupomedios.com\/futbol\/wp-json\/wp\/v2\/users\/144"}],"replies":[{"embeddable":true,"href":"http:\/\/desarrollo.grupomedios.com\/futbol\/wp-json\/wp\/v2\/comments?post=465366"}],"version-history":[{"count":0,"href":"http:\/\/desarrollo.grupomedios.com\/futbol\/wp-json\/wp\/v2\/posts\/465366\/revisions"}],"wp:featuredmedia":[{"embeddable":true,"href":"http:\/\/desarrollo.grupomedios.com\/futbol\/wp-json\/wp\/v2\/media\/465367"}],"wp:attachment":[{"href":"http:\/\/desarrollo.grupomedios.com\/futbol\/wp-json\/wp\/v2\/media?parent=465366"}],"wp:term":[{"taxonomy":"category","embeddable":true,"href":"http:\/\/desarrollo.grupomedios.com\/futbol\/wp-json\/wp\/v2\/categories?post=465366"},{"taxonomy":"post_tag","embeddable":true,"href":"http:\/\/desarrollo.grupomedios.com\/futbol\/wp-json\/wp\/v2\/tags?post=465366"}],"curies":[{"name":"wp","href":"https:\/\/api.w.org\/{rel}","templated":true}]}}