{"id":465382,"date":"2017-03-02T15:07:59","date_gmt":"2017-03-02T21:07:59","guid":{"rendered":"https:\/\/www.futboltotal.com.mx\/?p=465382"},"modified":"2017-03-02T16:07:52","modified_gmt":"2017-03-02T22:07:52","slug":"reportan-desaparecido-a-manager-de-bravos-de-leon","status":"publish","type":"post","link":"http:\/\/desarrollo.grupomedios.com\/futbol\/no-todo-es-futbol\/reportan-desaparecido-a-manager-de-bravos-de-leon\/2017\/03","title":{"rendered":"Reportan desaparecido a m\u00e1nager de Bravos de Le\u00f3n"},"content":{"rendered":"<p>El m\u00e1nager de los <strong>Bravos de Le\u00f3n<\/strong> de la Liga Mexicana de Beisbol, <strong>Francisco Estrada<\/strong>, se encuentra desaparecido, inform\u00f3 hoy el equipo, que dijo estar en espera de informaciones m\u00e1s completas por parte de las autoridades.<\/p>\n<p>&#8220;Debido a las versiones en torno al caso de <strong>Francisco<\/strong> <em>Paqu\u00edn<\/em> <strong>Estrada<\/strong>, la directiva los <strong>Bravos de Le\u00f3n<\/strong> confirma el estatus de desaparecido de nuestro m\u00e1nager; esperamos contar con mayor y mejor informaci\u00f3n en las pr\u00f3ximas horas&#8221;, dijo el club en un comunicado.<\/p>\n<p>Estrada, de 69 a\u00f1os, jug\u00f3 Grandes Ligas por un corto periodo de 1971 con los Mets de Nueva York y estuvo activo como receptor durante 30 a\u00f1os en los que fue campe\u00f3n de las ligas de verano y de invierno de M\u00e9xico, aunque es m\u00e1s reconocido como manejador.<\/p>\n<p style=\"text-align: center;\"><a href=\"https:\/\/www.futboltotal.com.mx\/2017\/02\/tatiana-calderon-la-sensacion-del-automovilismo\/\" target=\"_blank\"><strong>LEER M\u00c1S: Tatiana Calder\u00f3n, la sensaci\u00f3n del automovilismo<\/strong><\/a><\/p>\n<p>El estratega estaba citado ayer para la presentaci\u00f3n de su equipo con los medios a semanas del inicio de la temporada de la Liga Mexicana de Beisbol, pero no lleg\u00f3 y desde hace horas es buscado en hospitales de Le\u00f3n, centro del pa\u00eds, mientras las autoridades averiguan su paradero.<\/p>\n<p><em>Paqu\u00edn<\/em> tiene dos triunfos en Series del Caribe, en Santo Domingo 1996 y Caracas 2002, las dos veces con los Tomateros de Culiac\u00e1n, tiene siete campeonatos de la Liga Mexicana de b\u00e9isbol del Pac\u00edfico y tres de la Mexicana de verano, adem\u00e1s de que dirigi\u00f3 a M\u00e9xico en el I Cl\u00e1sico Mundial, en 2006.<\/p>\n<p>De la mano de Estrada los mexicanos lograron la proeza de eliminar al favorito Estados Unidos de aquel I Cl\u00e1sico, aunque el equipo no pudo alcanzar las semifinales.<\/p>\n<blockquote class=\"twitter-tweet\" data-lang=\"es\">\n<p dir=\"ltr\" lang=\"es\">Nuestro manager&#8230;<br \/>\nUstedes lo conocen, ya nos dio un campeonato en 1990 y viene por otro!<a href=\"https:\/\/twitter.com\/hashtag\/NacimosBravos?src=hash\">#NacimosBravos<\/a> <a href=\"https:\/\/t.co\/E37dTuN6DT\">pic.twitter.com\/E37dTuN6DT<\/a><\/p>\n<p>\u2014 #M\u00e1sBravosQueNunca (@NacimosBravos) <a href=\"https:\/\/twitter.com\/NacimosBravos\/status\/835589360863031297\">25 de febrero de 2017<\/a><\/p><\/blockquote>\n<p><script async src=\"\/\/platform.twitter.com\/widgets.js\" charset=\"utf-8\"><\/script><\/p>\n<p>Los <strong>Bravos de Le\u00f3n<\/strong> regresar\u00e1n en marzo a la Liga Mexicana de B\u00e9isbol y su directiva ha emprendido un trabajo en los \u00faltimos meses para buscar protagonismo en la temporada por lo cual fich\u00f3 a Estrada, uno de los eruditos del b\u00e9isbol del pa\u00eds por su experiencia como jugador y como manejador.<\/p>\n<p>Luego de realizar la b\u00fasqueda correspondiente, las autoridades dieron a conocer, que el funcionario del equipo de la Liga Mexicana de Beisbol, reapareci\u00f3. &#8220;El se\u00f1or Francisco Estrada Soto se ha localizado por las autoridades estatales y se encuentra ileso&#8221;, indic\u00f3 Carlos Zamarripa, Procurador Judicial de Guanajuato.<\/p>\n<blockquote class=\"twitter-tweet\" data-lang=\"es\">\n<p dir=\"ltr\" lang=\"es\">Afortunadamente solo qued\u00f3 en un susto. Paquin est\u00e1 sano y salvo. <a href=\"https:\/\/twitter.com\/hashtag\/SomosBravos?src=hash\">#SomosBravos<\/a> <a href=\"https:\/\/t.co\/znS1xqgeu6\">https:\/\/t.co\/znS1xqgeu6<\/a><\/p>\n<p>\u2014 Bravos de Le\u00f3n (@LMBBravosLeon) <a href=\"https:\/\/twitter.com\/LMBBravosLeon\/status\/837416898643931136\">2 de marzo de 2017<\/a><\/p><\/blockquote>\n<p><script async src=\"\/\/platform.twitter.com\/widgets.js\" charset=\"utf-8\"><\/script><\/p>\n<p><strong>S\u00edguenos en Twitter:<\/strong> <a href=\"https:\/\/twitter.com\/MXFutbolTotal\" target=\"_blank\">@MXFutbolTotal<\/a><\/p>\n","protected":false},"excerpt":{"rendered":"<p>Francisco &#8216;Paquin&#8217; Estrada, quien maneja al club de la Liga Mexicana de Beisbol, estuvo desaparecido durante horas.<\/p>\n","protected":false},"author":144,"featured_media":465384,"comment_status":"closed","ping_status":"closed","sticky":false,"template":"","format":"standard","meta":[],"categories":[5812,5418,6411],"tags":[5461],"_links":{"self":[{"href":"http:\/\/desarrollo.grupomedios.com\/futbol\/wp-json\/wp\/v2\/posts\/465382"}],"collection":[{"href":"http:\/\/desarrollo.grupomedios.com\/futbol\/wp-json\/wp\/v2\/posts"}],"about":[{"href":"http:\/\/desarrollo.grupomedios.com\/futbol\/wp-json\/wp\/v2\/types\/post"}],"author":[{"embeddable":true,"href":"http:\/\/desarrollo.grupomedios.com\/futbol\/wp-json\/wp\/v2\/users\/144"}],"replies":[{"embeddable":true,"href":"http:\/\/desarrollo.grupomedios.com\/futbol\/wp-json\/wp\/v2\/comments?post=465382"}],"version-history":[{"count":0,"href":"http:\/\/desarrollo.grupomedios.com\/futbol\/wp-json\/wp\/v2\/posts\/465382\/revisions"}],"wp:featuredmedia":[{"embeddable":true,"href":"http:\/\/desarrollo.grupomedios.com\/futbol\/wp-json\/wp\/v2\/media\/465384"}],"wp:attachment":[{"href":"http:\/\/desarrollo.grupomedios.com\/futbol\/wp-json\/wp\/v2\/media?parent=465382"}],"wp:term":[{"taxonomy":"category","embeddable":true,"href":"http:\/\/desarrollo.grupomedios.com\/futbol\/wp-json\/wp\/v2\/categories?post=465382"},{"taxonomy":"post_tag","embeddable":true,"href":"http:\/\/desarrollo.grupomedios.com\/futbol\/wp-json\/wp\/v2\/tags?post=465382"}],"curies":[{"name":"wp","href":"https:\/\/api.w.org\/{rel}","templated":true}]}}