{"id":465393,"date":"2017-03-02T16:12:22","date_gmt":"2017-03-02T22:12:22","guid":{"rendered":"https:\/\/www.futboltotal.com.mx\/?p=465393"},"modified":"2017-03-02T16:12:22","modified_gmt":"2017-03-02T22:12:22","slug":"agenda-tv-liga-mx-jornada-9-chivas-busca-liderato-toluca-america-visita-leon","status":"publish","type":"post","link":"http:\/\/desarrollo.grupomedios.com\/futbol\/futbol-mexicano\/agenda-tv-liga-mx-jornada-9-chivas-busca-liderato-toluca-america-visita-leon\/2017\/03","title":{"rendered":"Agenda TV | Chivas busca el liderato; Am\u00e9rica visita a la Fiera"},"content":{"rendered":"<p>Regresa la acci\u00f3n de la Liga MX con la jornada 9 del torneo <strong>Clausura 2017<\/strong>, en la que podremos disfrutar de algunos partidos que, en teor\u00eda, resultar\u00e1n llenos de intensidad, emociones y probablemente goles.<\/p>\n<p>Uno de los duelos m\u00e1s parejos es el choque entre las <strong>Chivas<\/strong> y el <strong>Toluca<\/strong>, un duelo con historia (<a href=\"https:\/\/www.futboltotal.com.mx\/2017\/03\/jugadores-toluca-chivas-final-del-apertura-2006\/\">recordando la final del Apertura 2006<\/a>) y dos de los clubes que marchan en los primeros puestos de la tabla general, con los <em>Diablos<\/em> en busca de venganza luego de haber perdido el liderato de la competencia tras caer con\u00a0<strong>Puebla<\/strong>. Justo despu\u00e9s de este resultado, el <em>Reba\u00f1o<\/em> tuvo la oportunidad de ser l\u00edder, pero su ca\u00edda en cancha de Jaguares lo impidi\u00f3.<\/p>\n<p>Por su parte, el <strong>Am\u00e9rica<\/strong> obtuvo un poco de ox\u00edgeno para el t\u00e9cnico Ricardo <strong>La Volpe<\/strong> luego de ganar el <em>Cl\u00e1sico Joven<\/em> ante <strong>Cruz Azul<\/strong>, pero es tiempo de dar vuelta a la p\u00e1gina y se mete a la cueva del <strong>Le\u00f3n<\/strong>, un estadio que no le sienta bien y peor a\u00fan en estos momentos, en los que <em>La Fiera<\/em> es el sotanero del Clausura 2017.<\/p>\n<p style=\"text-align: center;\"><strong><a href=\"https:\/\/www.futboltotal.com.mx\/2017\/03\/leon-la-fiera-evito-bicampeonato-del-america\/\">VER M\u00c1S: Le\u00f3n, la Fiera que evit\u00f3 el bicampeonato del Am\u00e9rica<\/a><\/strong><\/p>\n<p>A continuaci\u00f3n, puedes consultar toda la <strong>Agenda TV<\/strong> de la jornada 9 de la Liga MX:<\/p>\n<p>[video_player]https:\/\/player.vimeo.com\/external\/205932304.hd.mp4?s=03347e17505701ea862fb86a52a7af6bcc2835cb&amp;profile_id=174|wide[\/video_player]<\/p>\n<p style=\"text-align: center;\"><strong><a href=\"https:\/\/www.futboltotal.com.mx\/2017\/03\/chivas-buena-racha-contra-los-centenarios\/\"><span style=\"color: #3366ff;\">LEER M\u00c1S:\u00a0A Chivas le gusta ser &#8216;aguafiestas&#8217; de los clubes Centenarios<\/span><\/a><\/strong><\/p>\n<p><strong>S\u00edguenos en Twitter<\/strong>: <a href=\"https:\/\/twitter.com\/MXFutbolTotal\" target=\"_blank\">@MXFutbolTotal<\/a><\/p>\n","protected":false},"excerpt":{"rendered":"<p>En la jornada 9 del torneo Clausura 2017 podremos disfrutar partidos llenos de emociones y, tal vez, goles.<\/p>\n","protected":false},"author":20,"featured_media":465395,"comment_status":"closed","ping_status":"closed","sticky":false,"template":"","format":"standard","meta":[],"categories":[7570,2198,3845],"tags":[5959,70,7732,3081,5965,64,5975],"_links":{"self":[{"href":"http:\/\/desarrollo.grupomedios.com\/futbol\/wp-json\/wp\/v2\/posts\/465393"}],"collection":[{"href":"http:\/\/desarrollo.grupomedios.com\/futbol\/wp-json\/wp\/v2\/posts"}],"about":[{"href":"http:\/\/desarrollo.grupomedios.com\/futbol\/wp-json\/wp\/v2\/types\/post"}],"author":[{"embeddable":true,"href":"http:\/\/desarrollo.grupomedios.com\/futbol\/wp-json\/wp\/v2\/users\/20"}],"replies":[{"embeddable":true,"href":"http:\/\/desarrollo.grupomedios.com\/futbol\/wp-json\/wp\/v2\/comments?post=465393"}],"version-history":[{"count":1,"href":"http:\/\/desarrollo.grupomedios.com\/futbol\/wp-json\/wp\/v2\/posts\/465393\/revisions"}],"predecessor-version":[{"id":471256,"href":"http:\/\/desarrollo.grupomedios.com\/futbol\/wp-json\/wp\/v2\/posts\/465393\/revisions\/471256"}],"wp:featuredmedia":[{"embeddable":true,"href":"http:\/\/desarrollo.grupomedios.com\/futbol\/wp-json\/wp\/v2\/media\/465395"}],"wp:attachment":[{"href":"http:\/\/desarrollo.grupomedios.com\/futbol\/wp-json\/wp\/v2\/media?parent=465393"}],"wp:term":[{"taxonomy":"category","embeddable":true,"href":"http:\/\/desarrollo.grupomedios.com\/futbol\/wp-json\/wp\/v2\/categories?post=465393"},{"taxonomy":"post_tag","embeddable":true,"href":"http:\/\/desarrollo.grupomedios.com\/futbol\/wp-json\/wp\/v2\/tags?post=465393"}],"curies":[{"name":"wp","href":"https:\/\/api.w.org\/{rel}","templated":true}]}}