{"id":465457,"date":"2017-03-02T21:13:53","date_gmt":"2017-03-03T03:13:53","guid":{"rendered":"https:\/\/www.futboltotal.com.mx\/?p=465457"},"modified":"2017-03-02T21:13:53","modified_gmt":"2017-03-03T03:13:53","slug":"jugador-chileno-esta-inconforme-en-necaxa","status":"publish","type":"post","link":"http:\/\/desarrollo.grupomedios.com\/futbol\/futbol-mexicano\/jugador-chileno-esta-inconforme-en-necaxa\/2017\/03","title":{"rendered":"\u00a1Jugador chileno est\u00e1 inconforme en el Necaxa!"},"content":{"rendered":"<p>El futbolista chileno, <strong>Nicol\u00e1s Maturana<\/strong>, se encuentra con impotencia por los escasos minutos que ha recibido en el Clausura 2017 con el <strong>Necaxa<\/strong>, por lo que augura su salida del equipo, para el final de la campa\u00f1a.<\/p>\n<p>\u201cNecesito jugar para volver a la Selecci\u00f3n, que es lo m\u00e1s importante. Vine a M\u00e9xico porque es vitrina, pero no la estoy encontrando. Si no la tengo, tendr\u00e9 que hablar con el club y analizar la mejor opci\u00f3n para salir\u201d, indic\u00f3 el chileno.<\/p>\n<p>\u201cCreo que soy un jugador confiable para el t\u00e9cnico, he entrado bien los minutos que he jugado en la Liga. Yo no puedo ir y decirle que me haga jugar porque soy un refuerzo, \u00e9l se tiene que dar cuenta en alg\u00fan momento que me tiene que hacer jugar por lo que estoy rindiendo, pero ya no s\u00e9 cu\u00e1ndo vendr\u00e1, si no lo hace yo tendr\u00e9 que buscar otro rumbo y partir a pr\u00e9stamo por que lo que merece un jugador es jugar y quiero la oportunidad\u201d, a\u00f1adi\u00f3.<\/p>\n<p style=\"text-align: center;\"><span style=\"color: #3366ff;\"><a style=\"color: #3366ff;\" href=\"https:\/\/www.futboltotal.com.mx\/2017\/03\/ingrid-vieira-moraes-la-motivacion-enzo-roco\/\" target=\"_blank\"><strong>LEER M\u00c1S: Ingrid Vieira, la motivaci\u00f3n de otro chileno<\/strong><\/a><\/span><\/p>\n<p>Por su parte, la directiva del <strong>Necaxa<\/strong>, no piensa castigar al futbolista chileno por sus declaraciones, al contrario, aplaude que tenga las ganas de participar con el equipo y buscar\u00e1 apoyarlo, en caso de que no sume minutos en el resto de la campa\u00f1a.<\/p>\n<p>\u201cEl jugador quiere jugar, quiere tener participaci\u00f3n, tiene ganas de trascender, de mostrarse. Me gusta, es parte del perfil que buscamos en un jugador. En esta instituci\u00f3n hay libertad, est\u00e1 bien que se diga, que se comente. Hay que entender esto como lo es, como una molestia de un jugador que quiere tener actividad y nada m\u00e1s&#8221;, indic\u00f3 Luis Torres Septi\u00e9n, director general del club.<\/p>\n<p>\u201cEn esta instituci\u00f3n atendemos las inquietudes de los jugadores y las necesidades que puedan existir. Si hay una oferta atractiva para la instituci\u00f3n, si el jugador tiene ese deseo, si es ben\u00e9fico por supuesto que lo evaluar\u00edamos\u201d, puntualiz\u00f3.<\/p>\n<p><strong>S\u00edguenos en Twitter:<\/strong> <a href=\"https:\/\/twitter.com\/MXFutbolTotal\" target=\"_blank\">@MXFutbolTotal<\/a><\/p>\n","protected":false},"excerpt":{"rendered":"<p>Nicol\u00e1s Maturana amenaza con irse si no ve oportunidades.<\/p>\n","protected":false},"author":20,"featured_media":465460,"comment_status":"closed","ping_status":"closed","sticky":false,"template":"","format":"standard","meta":[],"categories":[2198,3845],"tags":[261],"_links":{"self":[{"href":"http:\/\/desarrollo.grupomedios.com\/futbol\/wp-json\/wp\/v2\/posts\/465457"}],"collection":[{"href":"http:\/\/desarrollo.grupomedios.com\/futbol\/wp-json\/wp\/v2\/posts"}],"about":[{"href":"http:\/\/desarrollo.grupomedios.com\/futbol\/wp-json\/wp\/v2\/types\/post"}],"author":[{"embeddable":true,"href":"http:\/\/desarrollo.grupomedios.com\/futbol\/wp-json\/wp\/v2\/users\/20"}],"replies":[{"embeddable":true,"href":"http:\/\/desarrollo.grupomedios.com\/futbol\/wp-json\/wp\/v2\/comments?post=465457"}],"version-history":[{"count":0,"href":"http:\/\/desarrollo.grupomedios.com\/futbol\/wp-json\/wp\/v2\/posts\/465457\/revisions"}],"wp:featuredmedia":[{"embeddable":true,"href":"http:\/\/desarrollo.grupomedios.com\/futbol\/wp-json\/wp\/v2\/media\/465460"}],"wp:attachment":[{"href":"http:\/\/desarrollo.grupomedios.com\/futbol\/wp-json\/wp\/v2\/media?parent=465457"}],"wp:term":[{"taxonomy":"category","embeddable":true,"href":"http:\/\/desarrollo.grupomedios.com\/futbol\/wp-json\/wp\/v2\/categories?post=465457"},{"taxonomy":"post_tag","embeddable":true,"href":"http:\/\/desarrollo.grupomedios.com\/futbol\/wp-json\/wp\/v2\/tags?post=465457"}],"curies":[{"name":"wp","href":"https:\/\/api.w.org\/{rel}","templated":true}]}}