{"id":465469,"date":"2017-03-03T10:00:40","date_gmt":"2017-03-03T16:00:40","guid":{"rendered":"https:\/\/www.futboltotal.com.mx\/?p=465469"},"modified":"2017-03-03T12:01:36","modified_gmt":"2017-03-03T18:01:36","slug":"mauro-boselli-la-pesadilla-goleadora-del-america","status":"publish","type":"post","link":"http:\/\/desarrollo.grupomedios.com\/futbol\/destacado-home\/mauro-boselli-la-pesadilla-goleadora-del-america\/2017\/03","title":{"rendered":"Mauro Boselli, la pesadilla goleadora del Am\u00e9rica"},"content":{"rendered":"<p><strong>Mauro Boselli<\/strong> es uno de los delanteros m\u00e1s codiciados del futbol mexicano y es que desempe\u00f1o con <strong>Le\u00f3n<\/strong> ha sido impresionante desde su llegada, demostrando que se puede tener rapidez, juego a\u00e9reo y definici\u00f3n en un solo jugador.<\/p>\n<p>Desde el 2013 <strong>Le\u00f3n<\/strong> se arm\u00f3 con la que ser\u00eda la pesadilla de <strong>Am\u00e9rica<\/strong>, pues el argentino le ha marcado 8 goles al Am\u00e9rica y dos de ellos fueron en la final que obtuvo la <em>Fiera<\/em> en el a\u00f1o que hac\u00eda su presentaci\u00f3n.<\/p>\n<p style=\"text-align: center;\"><a href=\"https:\/\/www.futboltotal.com.mx\/2017\/03\/jugadores-toluca-chivas-final-del-apertura-2006\/\" target=\"_blank\">LEER M\u00c1S: \u00bfQu\u00e9 fue de\u2026? Los jugadores que disputaron la final del Apertura 2006<\/a><\/p>\n<p>Este s\u00e1bado<strong> Boselli<\/strong> se reencuentra con uno de los equipos a los que m\u00e1s les ha marcado y con el argentino al frente, Le\u00f3n espera salir de la \u00faltima posici\u00f3n de la Liga.<\/p>\n<p><a href=\"https:\/\/www.futboltotal.com.mx\/wp-content\/uploads\/2017\/03\/boselli.jpg\"><img decoding=\"async\" loading=\"lazy\" class=\"alignnone size-full wp-image-465470\" src=\"https:\/\/www.futboltotal.com.mx\/wp-content\/uploads\/2017\/03\/boselli.jpg\" alt=\"Mauro Boselli, la pesadilla goleadora del Am\u00e9rica 0\" srcset=\"http:\/\/desarrollo.grupomedios.com\/futbol\/wp-content\/uploads\/2017\/03\/boselli.jpg 858w, http:\/\/desarrollo.grupomedios.com\/futbol\/wp-content\/uploads\/2017\/03\/boselli-262x300.jpg 262w, http:\/\/desarrollo.grupomedios.com\/futbol\/wp-content\/uploads\/2017\/03\/boselli-768x878.jpg 768w\" sizes=\"(max-width: 858px) 100vw, 858px\" \/><\/a><\/p>\n","protected":false},"excerpt":{"rendered":"<p>El argentino tiene al Am\u00e9rica como uno de los rivales a los que m\u00e1s les ha marcado.<\/p>\n","protected":false},"author":20,"featured_media":465471,"comment_status":"closed","ping_status":"closed","sticky":false,"template":"","format":"standard","meta":[],"categories":[5,2198,3845],"tags":[5959,5309,7732,5965,64,3863],"_links":{"self":[{"href":"http:\/\/desarrollo.grupomedios.com\/futbol\/wp-json\/wp\/v2\/posts\/465469"}],"collection":[{"href":"http:\/\/desarrollo.grupomedios.com\/futbol\/wp-json\/wp\/v2\/posts"}],"about":[{"href":"http:\/\/desarrollo.grupomedios.com\/futbol\/wp-json\/wp\/v2\/types\/post"}],"author":[{"embeddable":true,"href":"http:\/\/desarrollo.grupomedios.com\/futbol\/wp-json\/wp\/v2\/users\/20"}],"replies":[{"embeddable":true,"href":"http:\/\/desarrollo.grupomedios.com\/futbol\/wp-json\/wp\/v2\/comments?post=465469"}],"version-history":[{"count":0,"href":"http:\/\/desarrollo.grupomedios.com\/futbol\/wp-json\/wp\/v2\/posts\/465469\/revisions"}],"wp:featuredmedia":[{"embeddable":true,"href":"http:\/\/desarrollo.grupomedios.com\/futbol\/wp-json\/wp\/v2\/media\/465471"}],"wp:attachment":[{"href":"http:\/\/desarrollo.grupomedios.com\/futbol\/wp-json\/wp\/v2\/media?parent=465469"}],"wp:term":[{"taxonomy":"category","embeddable":true,"href":"http:\/\/desarrollo.grupomedios.com\/futbol\/wp-json\/wp\/v2\/categories?post=465469"},{"taxonomy":"post_tag","embeddable":true,"href":"http:\/\/desarrollo.grupomedios.com\/futbol\/wp-json\/wp\/v2\/tags?post=465469"}],"curies":[{"name":"wp","href":"https:\/\/api.w.org\/{rel}","templated":true}]}}