{"id":465499,"date":"2017-03-03T10:30:56","date_gmt":"2017-03-03T16:30:56","guid":{"rendered":"https:\/\/www.futboltotal.com.mx\/?p=465499"},"modified":"2017-03-03T10:30:56","modified_gmt":"2017-03-03T16:30:56","slug":"luis-enrique-confiesa-estar-aliviado-tras-anunciar-salida-del-barca","status":"publish","type":"post","link":"http:\/\/desarrollo.grupomedios.com\/futbol\/futbol-internacional\/luis-enrique-confiesa-estar-aliviado-tras-anunciar-salida-del-barca\/2017\/03","title":{"rendered":"Luis Enrique confiesa estar &#8216;aliviado&#8217; tras anunciar su salida del Bar\u00e7a."},"content":{"rendered":"<p>Tras anunciar el pasado d\u00eda 1 que al final de la temporada dejar\u00e1 el banquillo, el entrenador del Barcelona, Luis Enrique Mart\u00ednez, ha admitido hoy estar &#8220;un poco m\u00e1s aliviado&#8221; y afrontar los pr\u00f3ximos tres meses de competici\u00f3n centrado en los &#8220;objetivos apasionantes&#8221; que le quedan.<\/p>\n<p>En la primera rueda de prensa tras comunicar su adi\u00f3s, Luis Enrique se ha mostrado algo m\u00e1s relajado que en las \u00faltimas comparecencias, si bien no ha dado pistas sobre si se tomara un a\u00f1o sab\u00e1tico o si, por contra, entrenar\u00e1 a otro equipo.<\/p>\n<p>&#8220;Estoy igual de plet\u00f3rico, en cuatro d\u00edas no pierdo la fuerza. S\u00ed que estoy un poco m\u00e1s aliviado y con la atenci\u00f3n puesta en lo que es este final de temporada apasionante por los objetivos que tenemos&#8221;, ha explicado.<\/p>\n<p>https:\/\/twitter.com\/FCBarcelona_es\/status\/837658167949541376<\/p>\n<p>Y as\u00ed lo ha demostrado en la rueda de prensa previa al encuentro contra el Celta, en la que se ha permitido incluso bromear en un par de preguntas: una sobre si echar\u00e1 de menos a los periodistas -&#8220;ya veremos ya&#8221;, ha dicho entre risas- y otra sobre si ha decidido qu\u00e9 har\u00e1 despu\u00e9s de dejar el banquillo azulgrana.<\/p>\n<p>&#8220;No s\u00e9 lo que va a suceder. Lo que s\u00ed que s\u00e9 es que mi mujer quiz\u00e1s no me aguanta uno, dos o tres a\u00f1os en casa&#8221;, ha asegurado risue\u00f1o.<\/p>\n<p>En cualquier caso, ha insistido el asturiano que su adi\u00f3s no se debe a una supuesta mala relaci\u00f3n con los jugadores de la primera plantilla.<\/p>\n<p style=\"text-align: center;\"><span style=\"color: #3366ff;\"><a style=\"color: #3366ff;\" href=\"https:\/\/www.futboltotal.com.mx\/2017\/03\/celta-vigo-en-la-mira-a-jugador-pumas\/\">LEER M\u00c1S: Celta de Vigo tiene en la mira a un jugador de Pumas<\/a><\/span><\/p>\n<p>&#8220;Tengo una mejor relaci\u00f3n ahora con el vestuario. La decisi\u00f3n es personal. Con el paso de las temporadas tengo una mejor relaci\u00f3n con mis jugadores&#8221;, ha aseverado.<\/p>\n<p>En una comparecencia marcada por el anuncio de su adi\u00f3s, el partido de ma\u00f1ana (20.45 horas) contra el Celta ha quedado en un segundo plano, si bien el t\u00e9cnico azulgrana ha avisado de que ser\u00e1 un choque &#8220;muy atractivo y dif\u00edcil&#8221;.<\/p>\n<p>&#8220;Es uno de los equipos m\u00e1s complicados. Un equipo que ya nos ha ganado en algunos episodios, pero un equipo con calidad y que requiere de toda nuestra tensi\u00f3n para superarlo&#8221;, ha destacado.<\/p>\n<p>No obstante, ha analizado que el encuentro ante los gallegos ser\u00e1 &#8220;totalmente distinto&#8221; al que jugar\u00e1n el pr\u00f3ximo mi\u00e9rcoles ante el PSG, ya que se tratan de dos escuadras que defienden de manera totalmente distinta.<\/p>\n<p>&#8220;El Celta siempre nos ha ganado jugando al f\u00fatbol, cosa que elogio y admiro. Los jugadores lo saben. Es un partido para estar muy atento&#8221;, ha agregado.<\/p>\n<p>Los de ma\u00f1ana son tres puntos importantes para Luis Enrique, quien solo piensa en &#8220;sumar, sumar y sumar y esperar a que los dem\u00e1s no hagan lo mismo&#8221; para levantar, as\u00ed, su tercer t\u00edtulo liguero como entrenador azulgrana. EFE<\/p>\n","protected":false},"excerpt":{"rendered":"<p>El asturiano dijo que ir\u00e1n por los objetivos que le quedan en la temporada.<\/p>\n","protected":false},"author":144,"featured_media":461807,"comment_status":"closed","ping_status":"closed","sticky":false,"template":"","format":"standard","meta":[],"categories":[3839,3844,5951],"tags":[5984,4051],"_links":{"self":[{"href":"http:\/\/desarrollo.grupomedios.com\/futbol\/wp-json\/wp\/v2\/posts\/465499"}],"collection":[{"href":"http:\/\/desarrollo.grupomedios.com\/futbol\/wp-json\/wp\/v2\/posts"}],"about":[{"href":"http:\/\/desarrollo.grupomedios.com\/futbol\/wp-json\/wp\/v2\/types\/post"}],"author":[{"embeddable":true,"href":"http:\/\/desarrollo.grupomedios.com\/futbol\/wp-json\/wp\/v2\/users\/144"}],"replies":[{"embeddable":true,"href":"http:\/\/desarrollo.grupomedios.com\/futbol\/wp-json\/wp\/v2\/comments?post=465499"}],"version-history":[{"count":0,"href":"http:\/\/desarrollo.grupomedios.com\/futbol\/wp-json\/wp\/v2\/posts\/465499\/revisions"}],"wp:featuredmedia":[{"embeddable":true,"href":"http:\/\/desarrollo.grupomedios.com\/futbol\/wp-json\/wp\/v2\/media\/461807"}],"wp:attachment":[{"href":"http:\/\/desarrollo.grupomedios.com\/futbol\/wp-json\/wp\/v2\/media?parent=465499"}],"wp:term":[{"taxonomy":"category","embeddable":true,"href":"http:\/\/desarrollo.grupomedios.com\/futbol\/wp-json\/wp\/v2\/categories?post=465499"},{"taxonomy":"post_tag","embeddable":true,"href":"http:\/\/desarrollo.grupomedios.com\/futbol\/wp-json\/wp\/v2\/tags?post=465499"}],"curies":[{"name":"wp","href":"https:\/\/api.w.org\/{rel}","templated":true}]}}