{"id":465502,"date":"2017-03-03T11:10:52","date_gmt":"2017-03-03T17:10:52","guid":{"rendered":"https:\/\/www.futboltotal.com.mx\/?p=465502"},"modified":"2017-03-03T11:10:52","modified_gmt":"2017-03-03T17:10:52","slug":"nahuel-guzman-guido-pizarro-repiten-convocatoria-con-argentina","status":"publish","type":"post","link":"http:\/\/desarrollo.grupomedios.com\/futbol\/futbol-internacional\/nahuel-guzman-guido-pizarro-repiten-convocatoria-con-argentina\/2017\/03","title":{"rendered":"Nahuel Guzm\u00e1n y Guido Pizarro repiten convocatoria con Argentina"},"content":{"rendered":"<p>La vuelta a la selecci\u00f3n de Argentina de Mariano And\u00fajar, Marcos Rojo y Ezequiel Lavezzi son las novedades de la lista de convocados que confirm\u00f3 este viernes el seleccionador, Edgardo Bauza, para enfrentar a Chile y Bolivia, el 23 y 28 de marzo, respectivamente en las eliminatorias sudamericanas mundialistas.<\/p>\n<p>En la convocatoria repiten llamado el arquero <strong>Nahuel Guzm\u00e1n<\/strong> y el volante <strong>Guido Pizarro<\/strong>, figuras del actual campe\u00f3n de la Liga MX, <strong>Tigres<\/strong>, y quienes son del gusto del <em>Pat\u00f3n<\/em> Bauza.<\/p>\n<p>El regreso de estos jugadores al conjunto capitaneado por Lionel Messi, tambi\u00e9n incluido en la lista, determinaron la salida de la n\u00f3mina de citados Ger\u00f3nimo Rulli, Mart\u00edn Demichelis y Nicol\u00e1s Gait\u00e1n, quienes s\u00ed hab\u00edan estado para la fecha anterior en los cotejos frente a Brasil y Colombia.<\/p>\n<p><a href=\"https:\/\/www.futboltotal.com.mx\/2017\/03\/celta-vigo-en-la-mira-a-jugador-pumas\/\">VER M\u00c1S: CELTA DE VIGO TIENE EN LA MIRA A JUGADOR DE PUMAS<\/a><\/p>\n<p>Argentina est\u00e1 en la quinta posici\u00f3n de la clasificaci\u00f3n, que da derecho a un repechaje para el Mundial de Rusia, con 19 puntos, detr\u00e1s de Brasil (27), Uruguay (23), Ecuador (20) y Chile (20), y seguido de cerca por Colombia (18) y Paraguay (15).<\/p>\n<p>La Albiceleste ser\u00e1 local ante Chile en el estadio de River Plate el 23 de marzo y visitar\u00e1 a Bolivia el 28 del mismo mes en el estadio Hernando Siles de La Paz. En la fecha anterior, el conjunto de Bauza perdi\u00f3 con Brasil como visitante (0-3) y gan\u00f3 como local frente a Colombia (3-0).<\/p>\n<p><a href=\"https:\/\/www.futboltotal.com.mx\/2017\/03\/causa-y-efecto-de-javier-chofis-lopez\/\">VER M\u00c1S: CAUSA Y EFECTO DE&#8230; JAVIER <em>CHOFIS<\/em> L\u00d3PEZ<\/a><\/p>\n<p><strong>La n\u00f3mina de convocados es la siguiente:<\/strong><\/p>\n<p>Porteros: Sergio Romero (Manchester United-GBR), Mariano And\u00fajar (Estudiantes de La Plata-ARG) y Nahuel Guzm\u00e1n (Tigres-MEX).<\/p>\n<p>Defensas: Gabriel Mercado (Sevilla-ESP), Pablo Zabaleta (Manchester City-GBR), Julio Buffarini (San Pablo-BRA), Facundo Roncaglia (Celta de Vigo-ESP), Emmanuel M\u00e1s (Trabzonspor-TUR), Marcos Rojo (Manchester United-GBR), Nicol\u00e1s Otamendi (Manchester City-GBR), Mateo Mussachio (Villarreal-ESP) y Ramiro Funes Mori (Everton-GBR).<\/p>\n<p>Centrocampistas: Javier Mascherano (Barcelona-ESP), Lucas Biglia (Lazio-ITA), Guido Pizarro (Tigres-MEX), Ever Banega (Inter-ITA), Enzo P\u00e9rez (Valencia-ESP), \u00c1ngel Di Mar\u00eda (Paris Saint Germain-FRA) y Marcos Acu\u00f1a (Racing Club-ARG).<\/p>\n<p>Delanteros: \u00c1ngel Correa (Atl\u00e9tico Madrid-ESP), Ezequiel Lavezzi (Hebei Fortune-CHN), Lionel Messi (Barcelona-ESP), Paulo Dybala (Juventus-ITA), Sergio Ag\u00fcero (Manchester City-GBR), Gonzalo Higua\u00edn (Juventus-ITA) y Lucas Pratto (San Pablo-BRA).<\/p>\n<p class=\"p1\"><span class=\"s1\"><b>S\u00edguenos en Twitter<\/b>:\u00a0<a href=\"https:\/\/twitter.com\/MXFutbolTotal\"><span class=\"s2\">@MXFutbolTotal<\/span><\/a><\/span><\/p>\n","protected":false},"excerpt":{"rendered":"<p>Los jugadores del campe\u00f3n Tigres se mantienen en la convocatoria del Pat\u00f3n Bauza.<\/p>\n","protected":false},"author":144,"featured_media":465503,"comment_status":"closed","ping_status":"closed","sticky":false,"template":"","format":"standard","meta":[],"categories":[3839,3845],"tags":[5996,3991,64,6129,5973],"_links":{"self":[{"href":"http:\/\/desarrollo.grupomedios.com\/futbol\/wp-json\/wp\/v2\/posts\/465502"}],"collection":[{"href":"http:\/\/desarrollo.grupomedios.com\/futbol\/wp-json\/wp\/v2\/posts"}],"about":[{"href":"http:\/\/desarrollo.grupomedios.com\/futbol\/wp-json\/wp\/v2\/types\/post"}],"author":[{"embeddable":true,"href":"http:\/\/desarrollo.grupomedios.com\/futbol\/wp-json\/wp\/v2\/users\/144"}],"replies":[{"embeddable":true,"href":"http:\/\/desarrollo.grupomedios.com\/futbol\/wp-json\/wp\/v2\/comments?post=465502"}],"version-history":[{"count":0,"href":"http:\/\/desarrollo.grupomedios.com\/futbol\/wp-json\/wp\/v2\/posts\/465502\/revisions"}],"wp:featuredmedia":[{"embeddable":true,"href":"http:\/\/desarrollo.grupomedios.com\/futbol\/wp-json\/wp\/v2\/media\/465503"}],"wp:attachment":[{"href":"http:\/\/desarrollo.grupomedios.com\/futbol\/wp-json\/wp\/v2\/media?parent=465502"}],"wp:term":[{"taxonomy":"category","embeddable":true,"href":"http:\/\/desarrollo.grupomedios.com\/futbol\/wp-json\/wp\/v2\/categories?post=465502"},{"taxonomy":"post_tag","embeddable":true,"href":"http:\/\/desarrollo.grupomedios.com\/futbol\/wp-json\/wp\/v2\/tags?post=465502"}],"curies":[{"name":"wp","href":"https:\/\/api.w.org\/{rel}","templated":true}]}}