{"id":465517,"date":"2017-03-04T08:20:50","date_gmt":"2017-03-04T14:20:50","guid":{"rendered":"https:\/\/www.futboltotal.com.mx\/?p=465517"},"modified":"2017-03-04T10:50:53","modified_gmt":"2017-03-04T16:50:53","slug":"en-vivo-borussia-dortmund-vs-bayer-leverkusen-bundesliga","status":"publish","type":"post","link":"http:\/\/desarrollo.grupomedios.com\/futbol\/futbol-internacional\/en-vivo-borussia-dortmund-vs-bayer-leverkusen-bundesliga\/2017\/03","title":{"rendered":"AS\u00cd SE VIVI\u00d3 |  Dortmund 6-2 Leverkusen | Bundesliga"},"content":{"rendered":"<p style=\"text-align: left;\"><strong>Bienvenidos a nuestro minuto a minuto del partido entre el Borussia Dortmund y el Bayer Leverkusen. Para actualizar presiona el bot\u00f3n o F5.<\/strong><\/p>\n<p style=\"text-align: left;\"><span style=\"color: #ff0000;\">90+3 |<\/span> Se termina el partido. Borussia Dortmund gole\u00f3 6-2 al Bayer Leverkusen.<\/p>\n<p style=\"text-align: left;\"><span style=\"color: #ff0000;\">90:00 |<\/span> \u00a1GOOOOOOL DEL DORTMUND! Pullisic habilit a Kagawa y \u00e9ste marca el sexto para los locales.<\/p>\n<p style=\"text-align: left;\"><span style=\"color: #ff0000;\">84:00 |<\/span> \u00a1Gooooooooool del \u00a0DORTMUND! Sch\u00fcrrle cambia el penal por gol y marca el quinto del partido.<\/p>\n<p style=\"text-align: left;\"><span style=\"color: #ff0000;\">83:00 |<\/span> Penal para el Borussia Dortmund.<\/p>\n<p style=\"text-align: left;\"><span style=\"color: #ff0000;\">81:00 |<\/span> Se va Aubameyang y entra Sch\u00fcrrle.<\/p>\n<p style=\"text-align: left;\"><span style=\"color: #ff0000;\">77:00 |<\/span> \u00a1GOOOOOOL DEL DORTMUND! Gran reacci\u00f3n de los locales y Pullisic vuelve a incrementar la ventaja.<\/p>\n<p style=\"text-align: left;\"><span style=\"color: #ff0000;\">74:00 |<\/span> \u00a1GOOOOOLAZO DEL LEVERKUSEN! Wendell cobra de tiro libre y pasa el bal\u00f3n por encima de la barrera para que entre en el \u00e1ngulo.<\/p>\n<p style=\"text-align: left;\"><span style=\"color: #ff0000;\">69:00 |<\/span> GOOOOOOOOL DEL DORTMUND! Otra vez Aubameyang queda solo dentro del \u00e1rea y empuja el bal\u00f3n de cabeza.<\/p>\n<p style=\"text-align: left;\"><span style=\"color: #ff0000;\">66:00 |<\/span> Cambio del Leverkusen. Se fue Mehmedi y entr\u00f3 Chicharito.<\/p>\n<p style=\"text-align: left;\"><span style=\"color: #ff0000;\">64:00 |<\/span> Disparo de Pullisic y Leno manda a tiro de esquina.<\/p>\n<p style=\"text-align: left;\"><span style=\"color: #ff0000;\">57:00 |<\/span> \u00a1cerca Demb\u00e9l\u00e9! Contragolpe del Dortmund y el franc\u00e9s enganch\u00f3 en el \u00e1rea para despu\u00e9s buscar el \u00e1ngulo y el bal\u00f3n pas\u00f3 cerca.<\/p>\n<p style=\"text-align: left;\"><span style=\"color: #ff0000;\">52:00 |<\/span> El Leverkusen se lanza por el empate y el Dortmund espera el contragolpe.<\/p>\n<p style=\"text-align: left;\"><span style=\"color: #800000;\">47:00 |<\/span> \u00a1GOOOOOOOL DEL LEVERKUSEN! Volland se mete por banda izquierda y me disparo potente que acerca a su equipo.<\/p>\n<p style=\"text-align: left;\"><span style=\"color: #ff0000;\">45:01 |<\/span> Inicia el segundo tiempo.<\/p>\n<p style=\"text-align: left;\"><span style=\"color: #ff0000;\">45+3 |<\/span> Termina el primer tiempo. El Dortmund ya lleva ventaja de dos goles sobre el Bayer.<\/p>\n<p style=\"text-align: left;\"><span style=\"color: #ff0000;\">45:00 |<\/span> Se agregan tres minutos a la primera mitad.<\/p>\n<p style=\"text-align: left;\"><span style=\"color: #ff0000;\">42:00 |<\/span> Cambio del Dortmund. Sale lesionado Reus y entra Pullisic.<\/p>\n<p style=\"text-align: left;\"><span style=\"color: #ff0000;\">40:00 |<\/span> Cerca Reus. El alem\u00e1n tuvo un mano a mano frente a Leno y el arquero rechaz\u00f3 el bal\u00f3n.<\/p>\n<p style=\"text-align: left;\"><span style=\"color: #ff0000;\">37:00 |<\/span> Cambio del Bayer. Se va Ar\u00e1nguiz y entra Bellarabi.<\/p>\n<p style=\"text-align: left;\"><span style=\"color: #ff0000;\">35:00 |<\/span> Tarjeta amarilla para Harvertz del Leverkusen.<\/p>\n<p style=\"text-align: left;\"><span style=\"color: #ff0000;\">30:00 |<\/span> \u00a1Se la pierde Aubameyang! Demb\u00e9l\u00e9 manda centro raso y el gabon\u00e9s abanica el bal\u00f3n en el \u00e1rea chica.<\/p>\n<p style=\"text-align: left;\"><span style=\"color: #ff0000;\">26:00 |<\/span> \u00a1GOOOOOOOOOOOOL DEL DORTMUND! Bartra peina el bal\u00f3n en el \u00e1rea y Aubameyang remata en el \u00e1rea chica para marcar el segundo.<\/p>\n<p style=\"text-align: left;\"><span style=\"color: #ff0000;\">24:00 |<\/span> Ataja Leno. Demb\u00e9l\u00e9 se mete a l\u00ednea de fondo y el portero del Bayer corta el bal\u00f3n.<\/p>\n<p style=\"text-align: left;\"><span style=\"color: #ff0000;\">20:00<\/span> | Choque de cabezas entre Ar\u00e1nguiz y Castro. Ambos jugadores son atendidos y no parece ser de gravedad.<\/p>\n<p style=\"text-align: left;\"><span style=\"color: #ff0000;\">14:00 |<\/span> Comienza a acercarse el Leverkusen. Doble oportunidad para Volland que es rechazada por la defensa.<\/p>\n<p style=\"text-align: left;\"><span style=\"color: #ff0000;\">10:00 |<\/span> As\u00ed fue el primer gol del partido en el Signal Iduna Park.<\/p>\n<blockquote class=\"twitter-video\" data-lang=\"es\">\n<p dir=\"ltr\" lang=\"de\">DEMB\u00c9L\u00c9! BVB 1-0 Bayer Leverkusen <a href=\"https:\/\/t.co\/GJ5EXtXTok\">pic.twitter.com\/GJ5EXtXTok<\/a><\/p>\n<p>\u2014 @BVBSudtribune (@VinesBVB) <a href=\"https:\/\/twitter.com\/VinesBVB\/status\/838036108118278145\">4 de marzo de 2017<\/a><\/p><\/blockquote>\n<p><script async src=\"\/\/platform.twitter.com\/widgets.js\" charset=\"utf-8\"><\/script><\/p>\n<p style=\"text-align: left;\"><span style=\"color: #ff0000;\">8:00 |<\/span> Wendell intenta entrar al \u00e1rea pero termina cometiendo falta sobre Bartra.<\/p>\n<p style=\"text-align: left;\"><span style=\"color: #ff0000;\">6:00 |<\/span> \u00a1GOOOOOOOOL DEL DORTMUND! Arn\u00e1nguiz corta el bal\u00f3n pero le queda a Demb\u00e9l\u00e9 y \u00e9ste mete tiro cruzado que vence a Leno.<\/p>\n<p style=\"text-align: left;\"><span style=\"color: #ff0000;\">2:00 |<\/span> Comienza peligroso el Dortmund. Gran repliegue de velocidad por parte de Aubameyang pero es detenido por la defensa del Bayer.<\/p>\n<p style=\"text-align: left;\"><span style=\"color: #ff0000;\">0:01 |<\/span> \u00a1Arranca el partido en el Signal Iduna Park. Ya juega Borussia Dortmund y Bayer Leverkusen.<\/p>\n<p style=\"text-align: left;\">| Saltan los equipos al campo. El juego est\u00e1 a punto de comenzar.<\/p>\n<p style=\"text-align: left;\">| Los equipos ya est\u00e1n calentado en el campo. Aqu\u00ed las\u00a0<em>aspirinas.<\/em><\/p>\n<blockquote class=\"twitter-tweet\" data-lang=\"es\">\n<p dir=\"ltr\" lang=\"es\">Nuestro equipo ya se encuentra en el campo. \u00a1Faltan minutos para que empiece el duelo! \ufe0f&#x1f534;<a href=\"https:\/\/twitter.com\/hashtag\/BVBB04?src=hash\">#BVBB04<\/a> <a href=\"https:\/\/t.co\/toZelOYZys\">pic.twitter.com\/toZelOYZys<\/a><\/p>\n<p>\u2014 Bayer 04 Leverkusen (@bayer04_es) <a href=\"https:\/\/twitter.com\/bayer04_es\/status\/838032556637446144\">4 de marzo de 2017<\/a><\/p><\/blockquote>\n<p><script async src=\"\/\/platform.twitter.com\/widgets.js\" charset=\"utf-8\"><\/script><\/p>\n<p style=\"text-align: left;\">| Estos son los 11 con los que sale el Borussia Dortmund en el Signal Iduna Park.<\/p>\n<blockquote class=\"twitter-tweet\" data-lang=\"es\">\n<p dir=\"ltr\" lang=\"de\">BVB: B\u00fcrki, Bartra, Demb\u00e9l\u00e9, Reus, Guerreiro, Aubameyang, Sokratis, Piszczek, Castro, Weigl, Durm. <a href=\"https:\/\/twitter.com\/hashtag\/bvbb04?src=hash\">#bvbb04<\/a> <a href=\"https:\/\/t.co\/2h53qkf4Vx\">pic.twitter.com\/2h53qkf4Vx<\/a><\/p>\n<p>\u2014 Borussia Dortmund (@BVB) <a href=\"https:\/\/twitter.com\/BVB\/status\/838018937078099968\">4 de marzo de 2017<\/a><\/p><\/blockquote>\n<p><script async src=\"\/\/platform.twitter.com\/widgets.js\" charset=\"utf-8\"><\/script><\/p>\n<p style=\"text-align: left;\">| El Leverkusen sorprende enviando a Chicharito a la banca.<\/p>\n<blockquote class=\"twitter-tweet\" data-lang=\"es\">\n<p dir=\"ltr\" lang=\"es\">\u00a1Nuestro inicial! \ufe0f&#x1f455;&#x1f534;<\/p>\n<p>\u00a1Menos de una hora para el arranque! <a href=\"https:\/\/twitter.com\/hashtag\/BVBB04?src=hash\">#BVBB04<\/a> <a href=\"https:\/\/t.co\/U1ICAn1w4u\">pic.twitter.com\/U1ICAn1w4u<\/a><\/p>\n<p>\u2014 Bayer 04 Leverkusen (@bayer04_es) <a href=\"https:\/\/twitter.com\/bayer04_es\/status\/838019606040150016\">4 de marzo de 2017<\/a><\/p><\/blockquote>\n<p><script async src=\"\/\/platform.twitter.com\/widgets.js\" charset=\"utf-8\"><\/script><\/p>\n<p style=\"text-align: left;\">| Listas las alineaciones para el partido de este d\u00eda,<\/p>\n<p style=\"text-align: left;\">|\u00a0Bienvenidos a nuestro minuto a minuto del partido entre el Borussia Dortmund y el Bayer Leverkusen de la Jornada 23 de la Bundesliga.<\/p>\n<p style=\"text-align: center;\"><strong>PREVIO<\/strong><\/p>\n<p>Un Bayern en medio de una racha goleadora visita el s\u00e1bado al Colonia mientras que el Borussia Dortmund, actualmente tercer clasificado, recibe al Bayer Leverkusen en los dos partidos m\u00e1s atractivos de la vigesimatercera jornada de la Bundesliga.<\/p>\n<p>El Dortmund llega al partido contra el Leverkusen en plan de defender el tercer lugar, que da la clasificaci\u00f3n directa a la UEFA Champions League.<\/p>\n<blockquote class=\"twitter-tweet\" data-lang=\"es\">\n<p dir=\"ltr\" lang=\"es\">\u00a1A despertar con <a href=\"https:\/\/twitter.com\/hashtag\/Bayer04?src=hash\">#Bayer04<\/a>!<\/p>\n<p>El s\u00e1bado iniciar\u00e1 con nuestro duelo ante <a href=\"https:\/\/twitter.com\/BVB\">@BVB<\/a>, a las 8:30 &#x1f1f2;&#x1f1fd; 11:30 &#x1f1e8;&#x1f1f1;<\/p>\n<p>\u00a1Los esperamos! &#x1f4fa; FOX Sports <a href=\"https:\/\/twitter.com\/hashtag\/BVBB04?src=hash\">#BVBB04<\/a> <a href=\"https:\/\/t.co\/dtDDY4ON8u\">pic.twitter.com\/dtDDY4ON8u<\/a><\/p>\n<p>\u2014 Bayer 04 Leverkusen (@bayer04_es) <a href=\"https:\/\/twitter.com\/bayer04_es\/status\/837740737819095041\">3 de marzo de 2017<\/a><\/p><\/blockquote>\n<p><script async src=\"\/\/platform.twitter.com\/widgets.js\" charset=\"utf-8\"><\/script><\/p>\n<p>Por su parte, las aspirinas esperan volverse a reencontrar con el triunfo luego de su sorpresiva ca\u00edda del pasado s\u00e1bado ante el Mainz 05. El mexicano Javier Hern\u00e1ndez buscar\u00e1 marcarle su segundo gol al equipo de los abejorros.<\/p>\n<p>En el partido de la primera vuelta disputado en el BayArena, Leverkusen y Dortmund empataron 2-2 y el mexicano Chicharito Hern\u00e1ndez fue el autor de uno de los goles para las aspirinas.<\/p>\n","protected":false},"excerpt":{"rendered":"<p>Chicharito buscar\u00e1 marcar su segundo gol ante el Dortmund.<\/p>\n","protected":false},"author":129,"featured_media":433081,"comment_status":"closed","ping_status":"closed","sticky":false,"template":"","format":"standard","meta":[],"categories":[3839],"tags":[4335,6047,119],"_links":{"self":[{"href":"http:\/\/desarrollo.grupomedios.com\/futbol\/wp-json\/wp\/v2\/posts\/465517"}],"collection":[{"href":"http:\/\/desarrollo.grupomedios.com\/futbol\/wp-json\/wp\/v2\/posts"}],"about":[{"href":"http:\/\/desarrollo.grupomedios.com\/futbol\/wp-json\/wp\/v2\/types\/post"}],"author":[{"embeddable":true,"href":"http:\/\/desarrollo.grupomedios.com\/futbol\/wp-json\/wp\/v2\/users\/129"}],"replies":[{"embeddable":true,"href":"http:\/\/desarrollo.grupomedios.com\/futbol\/wp-json\/wp\/v2\/comments?post=465517"}],"version-history":[{"count":0,"href":"http:\/\/desarrollo.grupomedios.com\/futbol\/wp-json\/wp\/v2\/posts\/465517\/revisions"}],"wp:featuredmedia":[{"embeddable":true,"href":"http:\/\/desarrollo.grupomedios.com\/futbol\/wp-json\/wp\/v2\/media\/433081"}],"wp:attachment":[{"href":"http:\/\/desarrollo.grupomedios.com\/futbol\/wp-json\/wp\/v2\/media?parent=465517"}],"wp:term":[{"taxonomy":"category","embeddable":true,"href":"http:\/\/desarrollo.grupomedios.com\/futbol\/wp-json\/wp\/v2\/categories?post=465517"},{"taxonomy":"post_tag","embeddable":true,"href":"http:\/\/desarrollo.grupomedios.com\/futbol\/wp-json\/wp\/v2\/tags?post=465517"}],"curies":[{"name":"wp","href":"https:\/\/api.w.org\/{rel}","templated":true}]}}