{"id":465575,"date":"2017-03-03T16:11:26","date_gmt":"2017-03-03T22:11:26","guid":{"rendered":"https:\/\/www.futboltotal.com.mx\/?p=465575"},"modified":"2017-03-03T16:11:26","modified_gmt":"2017-03-03T22:11:26","slug":"urretaviscaya-pachuca-recibe-primera-convocatoria-uruguay","status":"publish","type":"post","link":"http:\/\/desarrollo.grupomedios.com\/futbol\/futbol-mexicano\/urretaviscaya-pachuca-recibe-primera-convocatoria-uruguay\/2017\/03","title":{"rendered":"Urretaviscaya recibe su primera convocatoria con Uruguay"},"content":{"rendered":"<p>El delantero del Barcelona Luis Su\u00e1rez encabeza la lista preliminar de Uruguay divulgada hoy para los dos pr\u00f3ximos partidos de las eliminatorias de clasificaci\u00f3n a Rusia 2018 contra Brasil y Per\u00fa, que adem\u00e1s cuenta con las adiciones de Jonathan Urretaviscaya y Alejandro Silva.<\/p>\n<p>La Asociaci\u00f3n Uruguaya de F\u00fatbol (AUF) dar\u00e1 a conocer la lista definitiva el pr\u00f3ximo 10 de marzo, en la que podr\u00edan ingresar algunos jugadores del campeonato uruguayo.<\/p>\n<blockquote class=\"twitter-tweet\" data-lang=\"es\">\n<p dir=\"ltr\" lang=\"es\"><a href=\"https:\/\/twitter.com\/hashtag\/Eliminatorias?src=hash\">#Eliminatorias<\/a> | Futbolistas reservados del exterior para los partidos de <a href=\"https:\/\/twitter.com\/Uruguay\">@Uruguay<\/a> vs <a href=\"https:\/\/twitter.com\/CBF_Futebol\">@CBF_Futebol<\/a> y <a href=\"https:\/\/twitter.com\/SeleccionPeru\">@SeleccionPeru<\/a>.<a href=\"https:\/\/t.co\/z0UCl6nkW0\">https:\/\/t.co\/z0UCl6nkW0<\/a> <a href=\"https:\/\/t.co\/oonEijoW2k\">pic.twitter.com\/oonEijoW2k<\/a><\/p>\n<p>\u2014 Selecci\u00f3n Uruguaya (@Uruguay) <a href=\"https:\/\/twitter.com\/Uruguay\/status\/837701082503659520\">3 de marzo de 2017<\/a><\/p><\/blockquote>\n<p><script async src=\"\/\/platform.twitter.com\/widgets.js\" charset=\"utf-8\"><\/script><\/p>\n<p>El seleccionador \u00d3scar Washington Tab\u00e1rez reserv\u00f3 por primera vez para el conjunto mayor a Urretaviscaya, que se desempe\u00f1a en el Pachuca mexicano. El atacante hizo parte de las selecciones sub&#8217;15, sub&#8217;17, sub&#8217;20 y del combinado ol\u00edmpico.<\/p>\n<p>Adem\u00e1s del goleador del Barcelona, integran tambi\u00e9n la lista otros referentes de la Celeste como el defensa del Atl\u00e9tico de Madrid y capit\u00e1n celeste, Diego God\u00edn, o el ariete del Par\u00eds Saint Germain, Edinson Cavani.<\/p>\n<p style=\"text-align: center;\"><span style=\"color: #3366ff;\"><a style=\"color: #3366ff;\" href=\"https:\/\/www.futboltotal.com.mx\/2017\/03\/cruz-azul-estar-eliminado-copa-mx-paco-jemez\/\">LEER M\u00c1S: Cruz Azul deber\u00eda estar eliminado de Copa MX: Paco J\u00e9mez<\/a><\/span><\/p>\n<p>Uruguay se medir\u00e1 con Brasil en Montevideo el pr\u00f3ximo 23 de marzo por la d\u00e9cimo tercera jornada de las eliminatorias sudamericanas de clasificaci\u00f3n al Mundial 2018 y cinco d\u00edas despu\u00e9s jugar\u00e1 ante Per\u00fa en Lima por la siguiente fecha.<\/p>\n<p><strong>La lista de jugadores elegidos por Tab\u00e1rez es la siguiente:<\/strong><\/p>\n<p>&#8211; Porteros: Fernando Muslera (Galatasaray-TUR), Mart\u00edn Silva (Vasco da Gama-BRA), Mart\u00edn Campa\u00f1a (Independiente-ARG).<\/p>\n<p>&#8211; Defensas: Maximiliano Pereira (Porto-POR), Jos\u00e9 Mar\u00eda Gim\u00e9nez (Atl\u00e9tico Madrid-ESP), Diego God\u00edn (Atl\u00e9tico de Madrid-ESP), Sebasti\u00e1n Coates (Sporting de Lisboa-POR), Gast\u00f3n Silva (Granada-ESP), \u00c1lvaro Pereira (Cerro Porte\u00f1o-PAR), Alejandro Silva (Lan\u00fas-ARG).<\/p>\n<p>&#8211; Centrocampistas: Giorgian De Arrascaeta (Cruzeiro-BRA), Math\u00edas Corujo (San Lorenzo-ARG), Carlos S\u00e1nchez (Monterrey-MEX), Egidio Ar\u00e9valo R\u00edos (Chiapas-MEX), Mat\u00edas Vecino (Fiorentina-ITA), Diego Laxalt (G\u00e9nova-ITA), Gast\u00f3n Ram\u00edrez (Middlesbrought-GBR).<\/p>\n<p>&#8211; Delanteros: Luis Su\u00e1rez (Barcelona-ESP), Edinson Cavani (PSG-FRA), Diego Rolan (Bordeaux-FRA), Abel Hern\u00e1ndez (Hull City-GBR), Cristhian Stuani (Middlesbrough-GBR), Jonathan Urretaviscaya (Pachuca-MEX). EFE<\/p>\n","protected":false},"excerpt":{"rendered":"<p>El jugador de Tuzos recibi\u00f3 su primera convocatoria.<\/p>\n","protected":false},"author":144,"featured_media":465577,"comment_status":"closed","ping_status":"closed","sticky":false,"template":"","format":"standard","meta":[],"categories":[2198,3845,5950],"tags":[6251,6214,64,5968,503],"_links":{"self":[{"href":"http:\/\/desarrollo.grupomedios.com\/futbol\/wp-json\/wp\/v2\/posts\/465575"}],"collection":[{"href":"http:\/\/desarrollo.grupomedios.com\/futbol\/wp-json\/wp\/v2\/posts"}],"about":[{"href":"http:\/\/desarrollo.grupomedios.com\/futbol\/wp-json\/wp\/v2\/types\/post"}],"author":[{"embeddable":true,"href":"http:\/\/desarrollo.grupomedios.com\/futbol\/wp-json\/wp\/v2\/users\/144"}],"replies":[{"embeddable":true,"href":"http:\/\/desarrollo.grupomedios.com\/futbol\/wp-json\/wp\/v2\/comments?post=465575"}],"version-history":[{"count":0,"href":"http:\/\/desarrollo.grupomedios.com\/futbol\/wp-json\/wp\/v2\/posts\/465575\/revisions"}],"wp:featuredmedia":[{"embeddable":true,"href":"http:\/\/desarrollo.grupomedios.com\/futbol\/wp-json\/wp\/v2\/media\/465577"}],"wp:attachment":[{"href":"http:\/\/desarrollo.grupomedios.com\/futbol\/wp-json\/wp\/v2\/media?parent=465575"}],"wp:term":[{"taxonomy":"category","embeddable":true,"href":"http:\/\/desarrollo.grupomedios.com\/futbol\/wp-json\/wp\/v2\/categories?post=465575"},{"taxonomy":"post_tag","embeddable":true,"href":"http:\/\/desarrollo.grupomedios.com\/futbol\/wp-json\/wp\/v2\/tags?post=465575"}],"curies":[{"name":"wp","href":"https:\/\/api.w.org\/{rel}","templated":true}]}}