{"id":465580,"date":"2017-03-03T16:33:55","date_gmt":"2017-03-03T22:33:55","guid":{"rendered":"https:\/\/www.futboltotal.com.mx\/?p=465580"},"modified":"2017-03-03T16:33:55","modified_gmt":"2017-03-03T22:33:55","slug":"plantel-chivas-celebro-a-jorge-vergara-pastelazo-incluido","status":"publish","type":"post","link":"http:\/\/desarrollo.grupomedios.com\/futbol\/futbol-mexicano\/plantel-chivas-celebro-a-jorge-vergara-pastelazo-incluido\/2017\/03","title":{"rendered":"Plantel de Chivas celebr\u00f3 a Jorge Vergara con pastelazo incluido"},"content":{"rendered":"<p>La pr\u00e1ctica de este d\u00eda al interior de <strong>Chivas<\/strong> tuvo tintes de celebraci\u00f3n ya que el due\u00f1o del <em>Reba\u00f1o<\/em>, <strong>Jorge Vergara<\/strong>, cumpli\u00f3 62 a\u00f1os de edad y decidi\u00f3 festejar junto con los jugadores y cuerpo t\u00e9cnico del <em>Chiver\u00edo<\/em>.<\/p>\n<p>El propietario del <strong>Guadalajara<\/strong> no perdi\u00f3 la costumbre de acudir a las instalaciones de Verde Valle para ser festejado por el equipo, que con pastel incluido lo recibi\u00f3 y le cant\u00f3 las Ma\u00f1anitas, un d\u00eda antes del duelo del cuadro tapat\u00edo ante el <strong>Toluca<\/strong>\u00a0como parte de la jornada 9 del torneo <strong>Clausura 2017<\/strong>.<\/p>\n<p style=\"text-align: center;\"><a href=\"https:\/\/www.futboltotal.com.mx\/2017\/03\/futbolistas-jugaron-en-chivas-toluca\/\">VER M\u00c1S: FUTBOLISTAS QUE JUGARON EN CHIVAS Y TOLUCA<\/a><\/p>\n<p>Vergara sopl\u00f3 las velas del pastel y de inmediato le dio la tradicional mordida, momento en el que el defensa Jair Pereira no perdi\u00f3 la oportunidad de empujar al directivo contra el pastel, aunque este \u00faltimo ya sab\u00eda lo que suceder\u00eda y tom\u00f3 sus precauciones.<\/p>\n<p>&nbsp;<\/p>\n<blockquote class=\"twitter-video\" data-lang=\"es\">\n<p dir=\"ltr\" lang=\"es\">\u00a1Feliz cumplea\u00f1os <a href=\"https:\/\/twitter.com\/jorgevergara\">@jorgevergara<\/a>! Ay, <a href=\"https:\/\/twitter.com\/jairpereira16\">@jairpereira16<\/a> &#8230; &#x1f631;&#x1f6a8;&#x1f631;&#x1f6a8; <a href=\"https:\/\/t.co\/Mllt1IHj03\">pic.twitter.com\/Mllt1IHj03<\/a><\/p>\n<p>\u2014 CHIVAS (@Chivas) <a href=\"https:\/\/twitter.com\/Chivas\/status\/837746642782728193\">3 de marzo de 2017<\/a><\/p><\/blockquote>\n<p><script async src=\"\/\/platform.twitter.com\/widgets.js\" charset=\"utf-8\"><\/script><\/p>\n<p>Una vez que Vergara, siguiendo la broma, reclam\u00f3 a Pereira por la acci\u00f3n, el defensor se\u00f1al\u00f3 hacia Armando Camacho, preparador f\u00edsico del equipo, como si fuera el responsable, demostrando el buen ambiente que se vive actualmente en Chivas.<\/p>\n<p style=\"text-align: center;\"><a href=\"https:\/\/www.futboltotal.com.mx\/2017\/03\/chivas-vs-toluca-fifa-17-predice-el-resultado\/\">VER M\u00c1S: \u00a1CHIVAS VS. TOLUCA! FIFA 17 PREDICE EL RESULTADO<\/a><\/p>\n<p class=\"p1\"><span class=\"s1\"><b>S\u00edguenos en Twitter<\/b>:\u00a0<a href=\"https:\/\/twitter.com\/MXFutbolTotal\"><span class=\"s2\">@MXFutbolTotal<\/span><\/a><\/span><\/p>\n","protected":false},"excerpt":{"rendered":"<p>Vergara sopl\u00f3 las velas del pastel y Jair Pereira lo empuj\u00f3 en la tradicional mordida.<\/p>\n","protected":false},"author":20,"featured_media":445752,"comment_status":"closed","ping_status":"closed","sticky":false,"template":"","format":"standard","meta":[],"categories":[5419,2198,3845],"tags":[70,7732,5963,243,64,387,1953],"_links":{"self":[{"href":"http:\/\/desarrollo.grupomedios.com\/futbol\/wp-json\/wp\/v2\/posts\/465580"}],"collection":[{"href":"http:\/\/desarrollo.grupomedios.com\/futbol\/wp-json\/wp\/v2\/posts"}],"about":[{"href":"http:\/\/desarrollo.grupomedios.com\/futbol\/wp-json\/wp\/v2\/types\/post"}],"author":[{"embeddable":true,"href":"http:\/\/desarrollo.grupomedios.com\/futbol\/wp-json\/wp\/v2\/users\/20"}],"replies":[{"embeddable":true,"href":"http:\/\/desarrollo.grupomedios.com\/futbol\/wp-json\/wp\/v2\/comments?post=465580"}],"version-history":[{"count":0,"href":"http:\/\/desarrollo.grupomedios.com\/futbol\/wp-json\/wp\/v2\/posts\/465580\/revisions"}],"wp:featuredmedia":[{"embeddable":true,"href":"http:\/\/desarrollo.grupomedios.com\/futbol\/wp-json\/wp\/v2\/media\/445752"}],"wp:attachment":[{"href":"http:\/\/desarrollo.grupomedios.com\/futbol\/wp-json\/wp\/v2\/media?parent=465580"}],"wp:term":[{"taxonomy":"category","embeddable":true,"href":"http:\/\/desarrollo.grupomedios.com\/futbol\/wp-json\/wp\/v2\/categories?post=465580"},{"taxonomy":"post_tag","embeddable":true,"href":"http:\/\/desarrollo.grupomedios.com\/futbol\/wp-json\/wp\/v2\/tags?post=465580"}],"curies":[{"name":"wp","href":"https:\/\/api.w.org\/{rel}","templated":true}]}}