{"id":465655,"date":"2017-03-03T21:48:20","date_gmt":"2017-03-04T03:48:20","guid":{"rendered":"https:\/\/www.futboltotal.com.mx\/?p=465655"},"modified":"2017-03-03T21:48:20","modified_gmt":"2017-03-04T03:48:20","slug":"ronaldo-zico-mejor-futbolista-del-mundo","status":"publish","type":"post","link":"http:\/\/desarrollo.grupomedios.com\/futbol\/futbol-internacional\/ronaldo-zico-mejor-futbolista-del-mundo\/2017\/03","title":{"rendered":"Para Ronaldo, Zico es el mejor futbolista del mundo"},"content":{"rendered":"<p>Este 3 de marzo, el hist\u00f3rico ex futbolista brasile\u00f1o, <strong>Arthur Antunes Coimbra Zico<\/strong>, celebr\u00f3 su cumplea\u00f1os 64, por lo que recibi\u00f3 cientos de felicitaciones, entre las que apareci\u00f3 la de <strong>Ronaldo<\/strong>, ex jugador carioca que envi\u00f3 un emotivo mensaje a su \u00eddolo.<\/p>\n<p>\u201cPara m\u00ed, fue el mejor del mundo. Mi m\u00e1s grande \u00eddolo, mi mayor inspiraci\u00f3no. Yo no pod\u00eda jugar con \u00e9l, pero so\u00f1aba con jugar como \u00e9l. Feliz cumplea\u00f1os, <strong>Zico<\/strong>. La admiraci\u00f3n va m\u00e1s all\u00e1 del futbol, mereces todos los homenajes\u201d, se\u00f1al\u00f3 <strong>Ronaldo<\/strong> a trav\u00e9s de Facebook.<\/p>\n<p style=\"text-align: center;\"><span style=\"color: #3366ff;\"><a style=\"color: #3366ff;\" href=\"https:\/\/www.futboltotal.com.mx\/2017\/03\/chicharito-aparece-en-bosque-chapultepec\/\" target=\"_blank\"><strong>LEER M\u00c1S: Chicharito se aparece en el Bosque de Chapultepec<\/strong><\/a><\/span><\/p>\n<p><a href=\"https:\/\/www.futboltotal.com.mx\/wp-content\/uploads\/2017\/03\/felicitacion-ronaldo.jpg\"><img decoding=\"async\" loading=\"lazy\" class=\"alignnone size-full wp-image-465656\" src=\"https:\/\/www.futboltotal.com.mx\/wp-content\/uploads\/2017\/03\/felicitacion-ronaldo.jpg\" alt=\"Para Ronaldo, Zico es el mejor futbolista del mundo 0\" srcset=\"http:\/\/desarrollo.grupomedios.com\/futbol\/wp-content\/uploads\/2017\/03\/felicitacion-ronaldo.jpg 1136w, http:\/\/desarrollo.grupomedios.com\/futbol\/wp-content\/uploads\/2017\/03\/felicitacion-ronaldo-300x169.jpg 300w, http:\/\/desarrollo.grupomedios.com\/futbol\/wp-content\/uploads\/2017\/03\/felicitacion-ronaldo-768x432.jpg 768w, http:\/\/desarrollo.grupomedios.com\/futbol\/wp-content\/uploads\/2017\/03\/felicitacion-ronaldo-1024x576.jpg 1024w, http:\/\/desarrollo.grupomedios.com\/futbol\/wp-content\/uploads\/2017\/03\/felicitacion-ronaldo-317x178.jpg 317w, http:\/\/desarrollo.grupomedios.com\/futbol\/wp-content\/uploads\/2017\/03\/felicitacion-ronaldo-535x301.jpg 535w, http:\/\/desarrollo.grupomedios.com\/futbol\/wp-content\/uploads\/2017\/03\/felicitacion-ronaldo-374x210.jpg 374w\" sizes=\"(max-width: 1136px) 100vw, 1136px\" \/><\/a><\/p>\n<p>S\u00edguenos en Twitter:<a href=\"https:\/\/twitter.com\/MXFutbolTotal\" target=\"_blank\">@MXFutbolTotal<\/a><\/p>\n","protected":false},"excerpt":{"rendered":"<p>Ni Maradona, ni Pel\u00e9, para el Fen\u00f3meno, el m\u00e1s grande es este brasile\u00f1o.<\/p>\n","protected":false},"author":20,"featured_media":465657,"comment_status":"closed","ping_status":"closed","sticky":false,"template":"","format":"standard","meta":[],"categories":[3839],"tags":[6214,1504],"_links":{"self":[{"href":"http:\/\/desarrollo.grupomedios.com\/futbol\/wp-json\/wp\/v2\/posts\/465655"}],"collection":[{"href":"http:\/\/desarrollo.grupomedios.com\/futbol\/wp-json\/wp\/v2\/posts"}],"about":[{"href":"http:\/\/desarrollo.grupomedios.com\/futbol\/wp-json\/wp\/v2\/types\/post"}],"author":[{"embeddable":true,"href":"http:\/\/desarrollo.grupomedios.com\/futbol\/wp-json\/wp\/v2\/users\/20"}],"replies":[{"embeddable":true,"href":"http:\/\/desarrollo.grupomedios.com\/futbol\/wp-json\/wp\/v2\/comments?post=465655"}],"version-history":[{"count":0,"href":"http:\/\/desarrollo.grupomedios.com\/futbol\/wp-json\/wp\/v2\/posts\/465655\/revisions"}],"wp:featuredmedia":[{"embeddable":true,"href":"http:\/\/desarrollo.grupomedios.com\/futbol\/wp-json\/wp\/v2\/media\/465657"}],"wp:attachment":[{"href":"http:\/\/desarrollo.grupomedios.com\/futbol\/wp-json\/wp\/v2\/media?parent=465655"}],"wp:term":[{"taxonomy":"category","embeddable":true,"href":"http:\/\/desarrollo.grupomedios.com\/futbol\/wp-json\/wp\/v2\/categories?post=465655"},{"taxonomy":"post_tag","embeddable":true,"href":"http:\/\/desarrollo.grupomedios.com\/futbol\/wp-json\/wp\/v2\/tags?post=465655"}],"curies":[{"name":"wp","href":"https:\/\/api.w.org\/{rel}","templated":true}]}}