{"id":465749,"date":"2017-03-04T12:59:57","date_gmt":"2017-03-04T18:59:57","guid":{"rendered":"https:\/\/www.futboltotal.com.mx\/?p=465749"},"modified":"2017-03-04T13:20:55","modified_gmt":"2017-03-04T19:20:55","slug":"real-madrid-se-desquita-goleada-ante-eibar","status":"publish","type":"post","link":"http:\/\/desarrollo.grupomedios.com\/futbol\/futbol-internacional\/real-madrid-se-desquita-goleada-ante-eibar\/2017\/03","title":{"rendered":"Real Madrid se desquita con goleada ante el Eibar"},"content":{"rendered":"<p>El Real Madrid se exhibi\u00f3 este s\u00e1bado con una goleada (1-4) ante el Eibar en el campo de Ipur\u00faa que le da opciones de recuperar el liderato en LaLiga Santander.<\/p>\n<p>Los blancos dieron una imagen muy mejorada respecto al empate liguero del mi\u00e9rcoles ante la UD Las Palmas y lograron un refuerzo moral con vistas a su compromiso del martes contra el N\u00e1poles en la Liga de Campeones.<\/p>\n<p>https:\/\/twitter.com\/realmadriden\/status\/838072283067478016<\/p>\n<p>Los guipuzcoanos no hab\u00edan ganado al Real Madrid ni en Primera Divisi\u00f3n, ni en Copa del Rey, y contin\u00faan sin conseguirlo, en su octavo duelo. Eso s\u00ed, marcaron su primer gol al Real Madrid en Ipur\u00faa en liga.<\/p>\n<p>El entrenador madridista, Zinedine Zidane, con las bajas de Cristiano Ronaldo, Bale y Alvaro Morata, aline\u00f3 inicialmente a Lucas V\u00e1zquez y Marcos Asensio como acompa\u00f1antes de Karim Benzema en la delantera. Adem\u00e1s, el t\u00e9cnico dio descanso a Toni Kroos (jug\u00f3 James) y Marcelo (actu\u00f3 Nacho).<\/p>\n<p>Todos estos cambios dieron resultado, porque la primera parte, que acab\u00f3 0-3, s\u00f3lo tuvo un color, el blanco, con un Real Madrid muy superior a un Eibar que jug\u00f3 la peor primera mitad de la liga.<\/p>\n<p style=\"text-align: center;\"><span style=\"color: #3366ff;\"><a style=\"color: #3366ff;\" href=\"https:\/\/www.futboltotal.com.mx\/2017\/03\/ochoa-granada-vuelven-a-realidad-en-espana\/\">LEER M\u00c1S: Ochoa y el Granada vuelven a su realidad en Espa\u00f1a<\/a><\/span><\/p>\n<p>El conjunto azulgrana estuvo desconocido, mal en todas sus l\u00edneas, muy alejado del que le ha permitido ser s\u00e9ptimo en la clasificaci\u00f3n.<\/p>\n<p>Los locales no se rindieron e intentaron recortar distancias. As\u00ed, Rub\u00e9n Pe\u00f1e, tras recibir un pase de Adri\u00e1n Gonz\u00e1lez, prob\u00f3 fortuna pero su tiro lo despej\u00f3 Danilo.<\/p>\n<p>Benzema, en otra acci\u00f3n posterior, inici\u00f3 un contragolpe, en el que James dispar\u00f3, el bal\u00f3n golpe\u00f3 en el poste, y Marco Asensio aprovech\u00f3 el rechace para marcar el 0-4.<\/p>\n<p>El equipo eibarr\u00e9s intent\u00f3 meter el gol de la honra, Anaitz Arbilla, quien sustituy\u00f3 al lesionado Antonio Luna (sufri\u00f3 un esguince del tobillo izquierdo), centr\u00f3 desde la banda izquierda y el bal\u00f3n se pase\u00f3 por el \u00e1rea, sin que llegara al remate Sergi Enrich.<\/p>\n<p><iframe loading=\"lazy\" src=\"https:\/\/www.youtube.com\/embed\/gK9GdTlXmF0?feature=oembed\" frameborder=\"0\" allowfullscreen><\/iframe><\/p>\n<p>El \u00e1rbitro anul\u00f3 por fuera de juego un gol de Gonzalo Escalante, quien empuj\u00f3 el bal\u00f3n en la raya de gol tras parada de Keylor Navas a cabezo de Sergi Enrich, quien remat\u00f3 en un saque de esquina de los eibarreses.<\/p>\n<p>Tanto lleg\u00f3 el c\u00e1ntaro a la fuente que ten\u00eda que romperse. As\u00ed, Rub\u00e9n Pe\u00f1a marc\u00f3 su primer gol con el Eibar y en Primera Divisi\u00f3n, al empujar con el costado de su cuerpo el bal\u00f3n en el segundo palo un buen centro de Pedro Le\u00f3n desde la derecha.<\/p>\n<p>Los locales intentaron repetir acierto ante la porter\u00eda contraria, aunque un disparo de Sergi Enrich se fue fuera de los tres palos.<\/p>\n","protected":false},"excerpt":{"rendered":"<p>Los Merengues regresaron al liderato moment\u00e1neamente.<\/p>\n","protected":false},"author":144,"featured_media":465750,"comment_status":"closed","ping_status":"closed","sticky":false,"template":"","format":"standard","meta":[],"categories":[3839,3844],"tags":[5988],"_links":{"self":[{"href":"http:\/\/desarrollo.grupomedios.com\/futbol\/wp-json\/wp\/v2\/posts\/465749"}],"collection":[{"href":"http:\/\/desarrollo.grupomedios.com\/futbol\/wp-json\/wp\/v2\/posts"}],"about":[{"href":"http:\/\/desarrollo.grupomedios.com\/futbol\/wp-json\/wp\/v2\/types\/post"}],"author":[{"embeddable":true,"href":"http:\/\/desarrollo.grupomedios.com\/futbol\/wp-json\/wp\/v2\/users\/144"}],"replies":[{"embeddable":true,"href":"http:\/\/desarrollo.grupomedios.com\/futbol\/wp-json\/wp\/v2\/comments?post=465749"}],"version-history":[{"count":0,"href":"http:\/\/desarrollo.grupomedios.com\/futbol\/wp-json\/wp\/v2\/posts\/465749\/revisions"}],"wp:featuredmedia":[{"embeddable":true,"href":"http:\/\/desarrollo.grupomedios.com\/futbol\/wp-json\/wp\/v2\/media\/465750"}],"wp:attachment":[{"href":"http:\/\/desarrollo.grupomedios.com\/futbol\/wp-json\/wp\/v2\/media?parent=465749"}],"wp:term":[{"taxonomy":"category","embeddable":true,"href":"http:\/\/desarrollo.grupomedios.com\/futbol\/wp-json\/wp\/v2\/categories?post=465749"},{"taxonomy":"post_tag","embeddable":true,"href":"http:\/\/desarrollo.grupomedios.com\/futbol\/wp-json\/wp\/v2\/tags?post=465749"}],"curies":[{"name":"wp","href":"https:\/\/api.w.org\/{rel}","templated":true}]}}