{"id":465757,"date":"2017-03-04T13:53:41","date_gmt":"2017-03-04T19:53:41","guid":{"rendered":"https:\/\/www.futboltotal.com.mx\/?p=465757"},"modified":"2017-03-04T13:53:41","modified_gmt":"2017-03-04T19:53:41","slug":"golazo-miguel-layun-porto","status":"publish","type":"post","link":"http:\/\/desarrollo.grupomedios.com\/futbol\/videos\/golazo-miguel-layun-porto\/2017\/03","title":{"rendered":"\u00a1GOLAZO de Miguel Lay\u00fan con el Porto!"},"content":{"rendered":"<p>Durante el partido entre el Porto y el Nacional de la Jornada 24 de la Liga Portuguesa, el mexicano<strong> Miguel Lay\u00fan<\/strong> marc\u00f3 un golazo con los Dragones.<\/p>\n<p>El equipo de Lay\u00fan ya ganaba 4-0 por lo que el ex jugador del Am\u00e9rica decidi\u00f3 probar con un disparo de tiro libre y termin\u00f3 por marcar el quinto para su equipo.<\/p>\n<p style=\"text-align: center;\"><span style=\"color: #3366ff;\"><a style=\"color: #3366ff;\" href=\"https:\/\/www.futboltotal.com.mx\/2017\/03\/borussia-dortmund-aplasto-a-chicharito-bayer-leverkusen\/\">LEER M\u00c1S: Dortmund aplast\u00f3 a Chicharito y Leverkusen<\/a><\/span><\/p>\n<blockquote class=\"twitter-video\" data-lang=\"es\">\n<p dir=\"ltr\" lang=\"es\">El golito de Layun! V\u00eda <a href=\"https:\/\/twitter.com\/SergioADippW\">@SergioADippW<\/a> <a href=\"https:\/\/t.co\/BBX4At623h\">pic.twitter.com\/BBX4At623h<\/a><\/p>\n<p>\u2014 Patrick Meehan (@SelempleSports) <a href=\"https:\/\/twitter.com\/SelempleSports\/status\/838113613399339008\">4 de marzo de 2017<\/a><\/p><\/blockquote>\n<p><script async src=\"\/\/platform.twitter.com\/widgets.js\" charset=\"utf-8\"><\/script><\/p>\n","protected":false},"excerpt":{"rendered":"<p>El mexicano marc\u00f3 el quinto gol para el Porto.<\/p>\n","protected":false},"author":129,"featured_media":454932,"comment_status":"closed","ping_status":"closed","sticky":false,"template":"","format":"standard","meta":[],"categories":[5,3839,4],"tags":[6214,1035],"_links":{"self":[{"href":"http:\/\/desarrollo.grupomedios.com\/futbol\/wp-json\/wp\/v2\/posts\/465757"}],"collection":[{"href":"http:\/\/desarrollo.grupomedios.com\/futbol\/wp-json\/wp\/v2\/posts"}],"about":[{"href":"http:\/\/desarrollo.grupomedios.com\/futbol\/wp-json\/wp\/v2\/types\/post"}],"author":[{"embeddable":true,"href":"http:\/\/desarrollo.grupomedios.com\/futbol\/wp-json\/wp\/v2\/users\/129"}],"replies":[{"embeddable":true,"href":"http:\/\/desarrollo.grupomedios.com\/futbol\/wp-json\/wp\/v2\/comments?post=465757"}],"version-history":[{"count":0,"href":"http:\/\/desarrollo.grupomedios.com\/futbol\/wp-json\/wp\/v2\/posts\/465757\/revisions"}],"wp:featuredmedia":[{"embeddable":true,"href":"http:\/\/desarrollo.grupomedios.com\/futbol\/wp-json\/wp\/v2\/media\/454932"}],"wp:attachment":[{"href":"http:\/\/desarrollo.grupomedios.com\/futbol\/wp-json\/wp\/v2\/media?parent=465757"}],"wp:term":[{"taxonomy":"category","embeddable":true,"href":"http:\/\/desarrollo.grupomedios.com\/futbol\/wp-json\/wp\/v2\/categories?post=465757"},{"taxonomy":"post_tag","embeddable":true,"href":"http:\/\/desarrollo.grupomedios.com\/futbol\/wp-json\/wp\/v2\/tags?post=465757"}],"curies":[{"name":"wp","href":"https:\/\/api.w.org\/{rel}","templated":true}]}}