{"id":466065,"date":"2017-03-04T23:47:48","date_gmt":"2017-03-05T05:47:48","guid":{"rendered":"https:\/\/www.futboltotal.com.mx\/?p=466065"},"modified":"2017-03-05T00:02:02","modified_gmt":"2017-03-05T06:02:02","slug":"rafael-nadal-pierde-final-del-abierto-mexicano-tenis-2017","status":"publish","type":"post","link":"http:\/\/desarrollo.grupomedios.com\/futbol\/no-todo-es-futbol\/rafael-nadal-pierde-final-del-abierto-mexicano-tenis-2017\/2017\/03","title":{"rendered":"Rafael Nadal pierde final del Abierto Mexicano de Tenis 2017"},"content":{"rendered":"<p>El estadounidense Sam Querrey derrib\u00f3 este s\u00e1bado al espa\u00f1ol <strong>Rafael Nadal<\/strong>, segundo favorito al t\u00edtulo, y dio la sorpresa al ganar la final del <strong>Abierto Mexicano de Tenis 2017<\/strong> que finaliz\u00f3 esta noche en el balneario del Pac\u00edfico mexicano.<\/p>\n<p><a href=\"https:\/\/www.futboltotal.com.mx\/wp-content\/uploads\/2017\/03\/querrey-y-nadal.jpg\"><img decoding=\"async\" loading=\"lazy\" class=\"alignnone size-full wp-image-466068\" src=\"https:\/\/www.futboltotal.com.mx\/wp-content\/uploads\/2017\/03\/querrey-y-nadal.jpg\" alt=\"Rafael Nadal pierde final del Abierto Mexicano de Tenis 2017 0\" srcset=\"http:\/\/desarrollo.grupomedios.com\/futbol\/wp-content\/uploads\/2017\/03\/querrey-y-nadal.jpg 1136w, http:\/\/desarrollo.grupomedios.com\/futbol\/wp-content\/uploads\/2017\/03\/querrey-y-nadal-300x169.jpg 300w, http:\/\/desarrollo.grupomedios.com\/futbol\/wp-content\/uploads\/2017\/03\/querrey-y-nadal-768x432.jpg 768w, http:\/\/desarrollo.grupomedios.com\/futbol\/wp-content\/uploads\/2017\/03\/querrey-y-nadal-1024x576.jpg 1024w, http:\/\/desarrollo.grupomedios.com\/futbol\/wp-content\/uploads\/2017\/03\/querrey-y-nadal-317x178.jpg 317w, http:\/\/desarrollo.grupomedios.com\/futbol\/wp-content\/uploads\/2017\/03\/querrey-y-nadal-535x301.jpg 535w, http:\/\/desarrollo.grupomedios.com\/futbol\/wp-content\/uploads\/2017\/03\/querrey-y-nadal-374x210.jpg 374w\" sizes=\"(max-width: 1136px) 100vw, 1136px\" \/><\/a><\/p>\n<p>Querrey se impuso al espa\u00f1ol con parciales de 6-3, 7-6 (3) y le quit\u00f3 el invicto al espa\u00f1ol en la competici\u00f3n mexicana, en la que gan\u00f3 los t\u00edtulos de 2005 y 2013, cuando el torneo se jugaba en arcilla y en la que encaden\u00f3 14 triunfos con los cuatro de esta semana.<\/p>\n<p style=\"text-align: center;\"><span style=\"color: #3366ff;\"><a style=\"color: #3366ff;\" href=\"https:\/\/www.futboltotal.com.mx\/2017\/03\/hijas-enrique-pena-nieto-se-toman-foto-rafael-nadal\/\" target=\"_blank\"><strong>LEER M\u00c1S: Nadal se toma foto con hijas de EPN<\/strong><\/a><\/span><\/p>\n<p>El estadounidense, de 29 a\u00f1os y profesional desde 2006, se acredit\u00f3 el noveno t\u00edtulo de su carrera en su novena final. En su vida deportiva destacan los tres t\u00edtulos del torneo de Los \u00c1ngeles en 2009, 2010 y 2012.<\/p>\n<p>La final en Acapulco es la segunda que pierde en el a\u00f1o Nadal tras la del Abierto de Australia que cedi\u00f3 ante Roger Federer y su marca se qued\u00f3 en 69 t\u00edtulos.<\/p>\n<p>Pese a perder la final, <strong>Rafael Nadal<\/strong>, quien es fan\u00e1tico del Real Madrid, recibi\u00f3 la visita de Hugo S\u00e1nchez, ex futbolista del conjunto merengue a acudi\u00f3 a apoyar al espa\u00f1ol durante el cotejo.<\/p>\n<p><strong><a href=\"https:\/\/www.futboltotal.com.mx\/wp-content\/uploads\/2017\/03\/hugo-sanchez-rafael-nadal.jpg\"><img decoding=\"async\" loading=\"lazy\" class=\"alignnone size-full wp-image-466067\" src=\"https:\/\/www.futboltotal.com.mx\/wp-content\/uploads\/2017\/03\/hugo-sanchez-rafael-nadal.jpg\" alt=\"Rafael Nadal pierde final del Abierto Mexicano de Tenis 2017 1\" srcset=\"http:\/\/desarrollo.grupomedios.com\/futbol\/wp-content\/uploads\/2017\/03\/hugo-sanchez-rafael-nadal.jpg 1136w, http:\/\/desarrollo.grupomedios.com\/futbol\/wp-content\/uploads\/2017\/03\/hugo-sanchez-rafael-nadal-300x169.jpg 300w, http:\/\/desarrollo.grupomedios.com\/futbol\/wp-content\/uploads\/2017\/03\/hugo-sanchez-rafael-nadal-768x432.jpg 768w, http:\/\/desarrollo.grupomedios.com\/futbol\/wp-content\/uploads\/2017\/03\/hugo-sanchez-rafael-nadal-1024x576.jpg 1024w, http:\/\/desarrollo.grupomedios.com\/futbol\/wp-content\/uploads\/2017\/03\/hugo-sanchez-rafael-nadal-317x178.jpg 317w, http:\/\/desarrollo.grupomedios.com\/futbol\/wp-content\/uploads\/2017\/03\/hugo-sanchez-rafael-nadal-535x301.jpg 535w, http:\/\/desarrollo.grupomedios.com\/futbol\/wp-content\/uploads\/2017\/03\/hugo-sanchez-rafael-nadal-374x210.jpg 374w\" sizes=\"(max-width: 1136px) 100vw, 1136px\" \/><\/a><\/strong><\/p>\n<p><strong>S\u00edguenos en Twitter:<\/strong> <a href=\"https:\/\/twitter.com\/MXFutbolTotal\" target=\"_blank\">@MXFutbolTotal<\/a><\/p>\n","protected":false},"excerpt":{"rendered":"<p>El espa\u00f1ol cay\u00f3 ante Sam Querrey, donde fue apoyado por Hugo S\u00e1nchez.<\/p>\n","protected":false},"author":20,"featured_media":466066,"comment_status":"closed","ping_status":"closed","sticky":false,"template":"","format":"standard","meta":[],"categories":[5418,6411],"tags":[5461],"_links":{"self":[{"href":"http:\/\/desarrollo.grupomedios.com\/futbol\/wp-json\/wp\/v2\/posts\/466065"}],"collection":[{"href":"http:\/\/desarrollo.grupomedios.com\/futbol\/wp-json\/wp\/v2\/posts"}],"about":[{"href":"http:\/\/desarrollo.grupomedios.com\/futbol\/wp-json\/wp\/v2\/types\/post"}],"author":[{"embeddable":true,"href":"http:\/\/desarrollo.grupomedios.com\/futbol\/wp-json\/wp\/v2\/users\/20"}],"replies":[{"embeddable":true,"href":"http:\/\/desarrollo.grupomedios.com\/futbol\/wp-json\/wp\/v2\/comments?post=466065"}],"version-history":[{"count":0,"href":"http:\/\/desarrollo.grupomedios.com\/futbol\/wp-json\/wp\/v2\/posts\/466065\/revisions"}],"wp:featuredmedia":[{"embeddable":true,"href":"http:\/\/desarrollo.grupomedios.com\/futbol\/wp-json\/wp\/v2\/media\/466066"}],"wp:attachment":[{"href":"http:\/\/desarrollo.grupomedios.com\/futbol\/wp-json\/wp\/v2\/media?parent=466065"}],"wp:term":[{"taxonomy":"category","embeddable":true,"href":"http:\/\/desarrollo.grupomedios.com\/futbol\/wp-json\/wp\/v2\/categories?post=466065"},{"taxonomy":"post_tag","embeddable":true,"href":"http:\/\/desarrollo.grupomedios.com\/futbol\/wp-json\/wp\/v2\/tags?post=466065"}],"curies":[{"name":"wp","href":"https:\/\/api.w.org\/{rel}","templated":true}]}}