{"id":466075,"date":"2017-03-05T08:34:52","date_gmt":"2017-03-05T14:34:52","guid":{"rendered":"https:\/\/www.futboltotal.com.mx\/?p=466075"},"modified":"2017-03-05T08:34:52","modified_gmt":"2017-03-05T14:34:52","slug":"chicharito-y-el-leverkusen-se-quedan-sin-tecnico","status":"publish","type":"post","link":"http:\/\/desarrollo.grupomedios.com\/futbol\/destacado-home\/chicharito-y-el-leverkusen-se-quedan-sin-tecnico\/2017\/03","title":{"rendered":"Chicharito y el Leverkusen se quedan sin t\u00e9cnico"},"content":{"rendered":"<p>El delantero mexicano Javier <strong>Chicharito<\/strong> Hern\u00e1ndez y el Bayer Leverkusen se han quedado sin director t\u00e9cnico. Este domingo, el club alem\u00e1n anunci\u00f3 la destituci\u00f3n del entrenador Roger Schmidt, un d\u00eda despu\u00e9s de que el equipo cayera goleado por 6-2 ante el Borussia Dortmund.<\/p>\n<p>La goleada ante el Dortmund fue la estocada final para Schmidt en medio de una temporada decepcionante para el Leverkusen que ha perdido 11 de 23 compromisos en la Bundesliga.<\/p>\n<p style=\"text-align: center;\"><span style=\"color: #3366ff;\">LEER M\u00c1S: Todas las noticias de futbol internacional<\/span><\/p>\n<blockquote class=\"twitter-tweet\" data-lang=\"es\">\n<p dir=\"ltr\" lang=\"de\">Danke, Roger <a href=\"https:\/\/twitter.com\/hashtag\/Schmidt?src=hash\">#Schmidt<\/a>! <a href=\"https:\/\/t.co\/slEk8oSgna\">pic.twitter.com\/slEk8oSgna<\/a><\/p>\n<p>\u2014 Bayer 04 Leverkusen (@bayer04fussball) <a href=\"https:\/\/twitter.com\/bayer04fussball\/status\/838394496647852032\">5 de marzo de 2017<\/a><\/p><\/blockquote>\n<p><script async src=\"\/\/platform.twitter.com\/widgets.js\" charset=\"utf-8\"><\/script><\/p>\n<p>En la Liga de Campeones, el <strong>Leverkusen<\/strong> tambi\u00e9n est\u00e1 pr\u00e1cticamente desahuciado tras caer en casa ante el Atl\u00e9tico de Madrid (2-4) y en la Copa de Alemania fue eliminado en las primeras de cambio ante un equipo de categor\u00edas inferiores.<\/p>\n<blockquote><p>&#8220;En vista de la situaci\u00f3n deportiva actual llegamos a la conclusi\u00f3n, tras un an\u00e1lisis profundo, que el cese es una decisi\u00f3n dolorosa pero inevitable&#8221;, dijo el director administrativo del Leverkusen, Michael Schade.<\/p><\/blockquote>\n<p>Schade dijo que para \u00e9l mismo la decisi\u00f3n ha sido dif\u00edcil y record\u00f3 que Schmidt ha clasificado en tres ocasiones al Leverkusen a la Liga de Campeones.<\/p>\n<p>El club anunciara en &#8220;un plazo breve&#8221; c\u00f3mo se cubrir\u00e1 el puesto de entrenador en lo que queda de temporada.<\/p>\n","protected":false},"excerpt":{"rendered":"<p>El cuadro alem\u00e1n anunci\u00f3 la destituci\u00f3n del entrenador Roger Schmidt.<\/p>\n","protected":false},"author":20,"featured_media":463042,"comment_status":"closed","ping_status":"closed","sticky":false,"template":"","format":"standard","meta":[],"categories":[5,3839,6718],"tags":[4335,119,549],"_links":{"self":[{"href":"http:\/\/desarrollo.grupomedios.com\/futbol\/wp-json\/wp\/v2\/posts\/466075"}],"collection":[{"href":"http:\/\/desarrollo.grupomedios.com\/futbol\/wp-json\/wp\/v2\/posts"}],"about":[{"href":"http:\/\/desarrollo.grupomedios.com\/futbol\/wp-json\/wp\/v2\/types\/post"}],"author":[{"embeddable":true,"href":"http:\/\/desarrollo.grupomedios.com\/futbol\/wp-json\/wp\/v2\/users\/20"}],"replies":[{"embeddable":true,"href":"http:\/\/desarrollo.grupomedios.com\/futbol\/wp-json\/wp\/v2\/comments?post=466075"}],"version-history":[{"count":0,"href":"http:\/\/desarrollo.grupomedios.com\/futbol\/wp-json\/wp\/v2\/posts\/466075\/revisions"}],"wp:featuredmedia":[{"embeddable":true,"href":"http:\/\/desarrollo.grupomedios.com\/futbol\/wp-json\/wp\/v2\/media\/463042"}],"wp:attachment":[{"href":"http:\/\/desarrollo.grupomedios.com\/futbol\/wp-json\/wp\/v2\/media?parent=466075"}],"wp:term":[{"taxonomy":"category","embeddable":true,"href":"http:\/\/desarrollo.grupomedios.com\/futbol\/wp-json\/wp\/v2\/categories?post=466075"},{"taxonomy":"post_tag","embeddable":true,"href":"http:\/\/desarrollo.grupomedios.com\/futbol\/wp-json\/wp\/v2\/tags?post=466075"}],"curies":[{"name":"wp","href":"https:\/\/api.w.org\/{rel}","templated":true}]}}