{"id":466077,"date":"2017-03-05T09:02:50","date_gmt":"2017-03-05T15:02:50","guid":{"rendered":"https:\/\/www.futboltotal.com.mx\/?p=466077"},"modified":"2017-03-05T15:58:06","modified_gmt":"2017-03-05T21:58:06","slug":"ibarra-se-rompe-y-se-pierde-el-resto-del-torneo","status":"publish","type":"post","link":"http:\/\/desarrollo.grupomedios.com\/futbol\/futbol-mexicano\/ibarra-se-rompe-y-se-pierde-el-resto-del-torneo\/2017\/03","title":{"rendered":"Renato Ibarra se rompe y se pierde el resto del torneo"},"content":{"rendered":"<p>El CF <strong>Am\u00e9rica<\/strong>, confirm\u00f3 que el mediocampista <strong>Renato Ibarra <\/strong><a href=\"https:\/\/www.futboltotal.com.mx\/2017\/03\/renato-ibarra-sufre-fractura-perone\/\">sufri\u00f3 una doble fractura de tibia y peron\u00e9<\/a> que le obligar\u00e1 a perderse el resto del Clausura 2017.<\/p>\n<p>&#8220;Despu\u00e9s de una fuerte entrada, se le realizaron estudios m\u00e9dicos a Renato Ibarra donde se confirm\u00f3 una fractura de peron\u00e9. #FuerzaRenato&#8221;, inform\u00f3 el club en su cuenta oficial de <em>twitter.<\/em><\/p>\n<p>Dada la gravedad de la lesi\u00f3n, Ibarra estar\u00e1 en rehabilitaci\u00f3n un tiempo estimado de tres a cuatro meses, por lo que es imposible que llegue a la Liguilla e incluso a una hipot\u00e9tica final que se jugar\u00eda en los \u00faltimos d\u00edas de mayo.<\/p>\n<p style=\"text-align: center;\"><span style=\"color: #3366ff;\">LEER M\u00c1S: Todas las noticias de futbol mexicano<\/span><\/p>\n<p><strong>Ibarra<\/strong> tampoco estar\u00e1 disponible para disputar la pr\u00f3xima fecha de las eliminatorias mundialistas rumbo a Rusica 2018 con la selecci\u00f3n de Ecuador, en la que enfrentar\u00e1n a Paraguay (23 de marzo) y Colombia (28 de marzo).<\/p>\n<p><a href=\"https:\/\/www.futboltotal.com.mx\/wp-content\/uploads\/2017\/03\/Radiofragia-Pressport.jpeg\"><img decoding=\"async\" loading=\"lazy\" class=\"alignnone size-full wp-image-466085\" src=\"https:\/\/www.futboltotal.com.mx\/wp-content\/uploads\/2017\/03\/Radiofragia-Pressport.jpeg\" alt=\"Renato Ibarra se rompe y se pierde el resto del torneo 0\" srcset=\"http:\/\/desarrollo.grupomedios.com\/futbol\/wp-content\/uploads\/2017\/03\/Radiofragia-Pressport.jpeg 768w, http:\/\/desarrollo.grupomedios.com\/futbol\/wp-content\/uploads\/2017\/03\/Radiofragia-Pressport-273x300.jpeg 273w\" sizes=\"(max-width: 768px) 100vw, 768px\" \/><\/a><\/p>\n<p>En redes sociales, <em>Pressport<\/em> public\u00f3 la imagen del la doble fractura de <strong>Ibarra<\/strong>, quien tras enterarse del diagn\u00f3stico public\u00f3 un mensaje en su cuenta de <em>twitter.<\/em><\/p>\n<blockquote class=\"twitter-tweet\" data-lang=\"es\">\n<p dir=\"ltr\" lang=\"es\">Un momento dif\u00edcil, pero estoy seguro que me levantare m\u00e1s fuerte de esto! Agradezco a todos sus muestras de apoyo! Dios es mi fuerza &#x1f64c;&#x1f3fe;&#x1f64f;&#x1f3fe;<\/p>\n<p>\u2014 Renato Ibarra Mina (@RenatoIbarraM) <a href=\"https:\/\/twitter.com\/RenatoIbarraM\/status\/838236121058406401\">5 de marzo de 2017<\/a><\/p><\/blockquote>\n<p><script async src=\"\/\/platform.twitter.com\/widgets.js\" charset=\"utf-8\"><\/script><\/p>\n<p style=\"text-align: center;\"><strong>S\u00edguenos en Twitter:<\/strong><a href=\"https:\/\/twitter.com\/MXFutbolTotal\" target=\"_blank\">@MXFutbolTotal<\/a><\/p>\n","protected":false},"excerpt":{"rendered":"<p>El volante de las \u00c1guilas sufri\u00f3 una fractura en el duelo ante Le\u00f3n. <\/p>\n","protected":false},"author":20,"featured_media":466007,"comment_status":"closed","ping_status":"closed","sticky":false,"template":"","format":"standard","meta":[],"categories":[2198,3845],"tags":[5959,7468],"_links":{"self":[{"href":"http:\/\/desarrollo.grupomedios.com\/futbol\/wp-json\/wp\/v2\/posts\/466077"}],"collection":[{"href":"http:\/\/desarrollo.grupomedios.com\/futbol\/wp-json\/wp\/v2\/posts"}],"about":[{"href":"http:\/\/desarrollo.grupomedios.com\/futbol\/wp-json\/wp\/v2\/types\/post"}],"author":[{"embeddable":true,"href":"http:\/\/desarrollo.grupomedios.com\/futbol\/wp-json\/wp\/v2\/users\/20"}],"replies":[{"embeddable":true,"href":"http:\/\/desarrollo.grupomedios.com\/futbol\/wp-json\/wp\/v2\/comments?post=466077"}],"version-history":[{"count":0,"href":"http:\/\/desarrollo.grupomedios.com\/futbol\/wp-json\/wp\/v2\/posts\/466077\/revisions"}],"wp:featuredmedia":[{"embeddable":true,"href":"http:\/\/desarrollo.grupomedios.com\/futbol\/wp-json\/wp\/v2\/media\/466007"}],"wp:attachment":[{"href":"http:\/\/desarrollo.grupomedios.com\/futbol\/wp-json\/wp\/v2\/media?parent=466077"}],"wp:term":[{"taxonomy":"category","embeddable":true,"href":"http:\/\/desarrollo.grupomedios.com\/futbol\/wp-json\/wp\/v2\/categories?post=466077"},{"taxonomy":"post_tag","embeddable":true,"href":"http:\/\/desarrollo.grupomedios.com\/futbol\/wp-json\/wp\/v2\/tags?post=466077"}],"curies":[{"name":"wp","href":"https:\/\/api.w.org\/{rel}","templated":true}]}}