{"id":466199,"date":"2017-03-05T15:00:13","date_gmt":"2017-03-05T21:00:13","guid":{"rendered":"https:\/\/www.futboltotal.com.mx\/?p=466199"},"modified":"2017-03-05T15:00:13","modified_gmt":"2017-03-05T21:00:13","slug":"marco-fabian-listo-reaparecer-eintracht","status":"publish","type":"post","link":"http:\/\/desarrollo.grupomedios.com\/futbol\/futbol-internacional\/marco-fabian-listo-reaparecer-eintracht\/2017\/03","title":{"rendered":"Marco Fabi\u00e1n, listo para reaparecer con el Eintracht"},"content":{"rendered":"<p>Setenta y siete d\u00edas despu\u00e9s de haber disputado su \u00faltimo partido en la Bundesliga, el mediocampista mexicano\u00a0<strong>Marco Fabi\u00e1n<\/strong> volver\u00e1 a entrenar con el primer equipo del Eintracht Frankfurt, tras sobreponerse a una lesi\u00f3n en la cadera que lo apart\u00f3 de las canchas desde entonces.<\/p>\n<p>Despu\u00e9s de que la derrota (1-2) que sufri\u00f3 el <strong>Frankfurt<\/strong> este domingo ante el Friburgo, el dorsal 10 dijo que el pr\u00f3ximo martes estar\u00e1 a las \u00f3rdenes del t\u00e9cnico Niko Kovac, quien hasta antes de su lesi\u00f3n lo hab\u00eda tenido como titular indiscutible.<\/p>\n<p style=\"text-align: center;\"><span style=\"color: #3366ff;\">LEER M\u00c1S: Todas las noticias de futbol internacional<\/span><\/p>\n<p>\u201cAgradezco a Dios de poder regresar bien, de poder fortalecer cada una de la partes de mi cuerpo. No pod\u00eda pararme para ir al ba\u00f1o o vestirme por los dolores\u201d, admiti\u00f3 <strong>Marco Fabi\u00e1n\u00a0<\/strong>para <em>Fox Sports. &#8220;<\/em>Tocar un bal\u00f3n era lo que m\u00e1s quer\u00eda&#8221;, agreg\u00f3.<\/p>\n<p>Sin el mexicano en la cancha, el <strong>Eintracht<\/strong> ha sufrido m\u00e1s de la cuenta, pues ha perdido cinco de siete partidos en la Bundesliga. En su pr\u00f3ximo duelo (11 de marzo) juegan ante el Bayern M\u00fanich, pero aunque Kovac convoque al mexicano es poco probable que este tenga minutos. Por ello, el mexicano conf\u00eda en reaparecer ante el Hamburgo (18 de marzo) en la fecha 25 del campeonato teut\u00f3n.<\/p>\n<p>\u201cPadec\u00eda una discopat\u00eda que me cost\u00f3 mucho superar; los dolores ya los he dejado atr\u00e1s, ahora ya estoy entrenando, poni\u00e9ndome bien f\u00edsicamente; el martes me integro con el equipo&#8221;, estableci\u00f3 el mexicano, quien adelant\u00f3 que no estar\u00e1 a punto para la convocatoria de M\u00e9xico de cara a los duelos amistosos ante Costa Rica y Trinidad y Tobago.<\/p>\n<p>S\u00edguenos en Twitter: <a href=\"https:\/\/twitter.com\/MXFutbolTotal\">@MXFutbolTotal<\/a><\/p>\n","protected":false},"excerpt":{"rendered":"<p>El mediocampista confirm\u00f3 que el pr\u00f3ximo martes se reincorpora al primer equipo. <\/p>\n","protected":false},"author":20,"featured_media":454753,"comment_status":"closed","ping_status":"closed","sticky":false,"template":"","format":"standard","meta":[],"categories":[3839,6822,6718,5951],"tags":[3588,131],"_links":{"self":[{"href":"http:\/\/desarrollo.grupomedios.com\/futbol\/wp-json\/wp\/v2\/posts\/466199"}],"collection":[{"href":"http:\/\/desarrollo.grupomedios.com\/futbol\/wp-json\/wp\/v2\/posts"}],"about":[{"href":"http:\/\/desarrollo.grupomedios.com\/futbol\/wp-json\/wp\/v2\/types\/post"}],"author":[{"embeddable":true,"href":"http:\/\/desarrollo.grupomedios.com\/futbol\/wp-json\/wp\/v2\/users\/20"}],"replies":[{"embeddable":true,"href":"http:\/\/desarrollo.grupomedios.com\/futbol\/wp-json\/wp\/v2\/comments?post=466199"}],"version-history":[{"count":0,"href":"http:\/\/desarrollo.grupomedios.com\/futbol\/wp-json\/wp\/v2\/posts\/466199\/revisions"}],"wp:featuredmedia":[{"embeddable":true,"href":"http:\/\/desarrollo.grupomedios.com\/futbol\/wp-json\/wp\/v2\/media\/454753"}],"wp:attachment":[{"href":"http:\/\/desarrollo.grupomedios.com\/futbol\/wp-json\/wp\/v2\/media?parent=466199"}],"wp:term":[{"taxonomy":"category","embeddable":true,"href":"http:\/\/desarrollo.grupomedios.com\/futbol\/wp-json\/wp\/v2\/categories?post=466199"},{"taxonomy":"post_tag","embeddable":true,"href":"http:\/\/desarrollo.grupomedios.com\/futbol\/wp-json\/wp\/v2\/tags?post=466199"}],"curies":[{"name":"wp","href":"https:\/\/api.w.org\/{rel}","templated":true}]}}