{"id":466213,"date":"2017-03-05T15:59:40","date_gmt":"2017-03-05T21:59:40","guid":{"rendered":"https:\/\/www.futboltotal.com.mx\/?p=466213"},"modified":"2017-03-05T15:59:40","modified_gmt":"2017-03-05T21:59:40","slug":"reus-se-lesiona-baja-la-champions","status":"publish","type":"post","link":"http:\/\/desarrollo.grupomedios.com\/futbol\/futbol-internacional\/reus-se-lesiona-baja-la-champions\/2017\/03","title":{"rendered":"Reus se lesiona y es baja para la Champions"},"content":{"rendered":"<p>El <strong>Borussia Dortmund<\/strong> no podr\u00e1 contar con el mediapunta <strong>Marco <span class=\"classCadenaBusqueda\">Reus<\/span><\/strong> para el partido de la pr\u00f3xima semana contra el Benfica debido a una lesi\u00f3n muscular en el muslo izquierdo que sufri\u00f3 en el duelo de la <strong>Bundesliga<\/strong> contra el Bayer Leverkusen.<\/p>\n<blockquote><p>&#8220;Para nosotros es lamentable, est\u00e1 descartado que pueda jugar&#8221;, dijo el entrenador Thomas Tuchel, a quien la lesi\u00f3n de <span class=\"classCadenaBusqueda\">Reus<\/span> le empa\u00f1\u00f3 la alegr\u00eda por el 6-2 conseguido ante el Leverkusen.<\/p><\/blockquote>\n<p style=\"text-align: center;\"><span style=\"color: #3366ff;\">LEER M\u00c1S: Todas las noticias de futbol internacional<\/span><\/p>\n<p>Las lesiones no han respetado a <strong><span class=\"classCadenaBusqueda\">Reus<\/span> <\/strong>en lo que va de temporada y ha sido baja en 11 partidos de la Bundesliga. Ahora no podr\u00e1 jugar ante las <em>\u00c1guilas\u00a0<\/em>y estar\u00e1 fuera de actividad hasta principios de abril.<\/p>\n<p>El <strong>Dortmund<\/strong> perdi\u00f3 el partido de ida contra el Benfica por 1-0, pese a haber contado con numerosas ocasiones de gol, lo que le obliga a ganar en casa por dos goles de diferencia para lograr la clasificaci\u00f3n, sin tener que ir a la loter\u00eda de los penaltis.<\/p>\n<p>S\u00edguenos en Twitter: <a href=\"https:\/\/twitter.com\/MXFutbolTotal\">@MXFutbolTotal<\/a><\/p>\n<p>&nbsp;<\/p>\n","protected":false},"excerpt":{"rendered":"<p>El atacante alem\u00e1n no podr\u00e1 jugar la Vuelta de los Octavos de Final.<\/p>\n","protected":false},"author":20,"featured_media":466245,"comment_status":"closed","ping_status":"closed","sticky":false,"template":"","format":"standard","meta":[],"categories":[3841,3839,6822],"tags":[6047,6095],"_links":{"self":[{"href":"http:\/\/desarrollo.grupomedios.com\/futbol\/wp-json\/wp\/v2\/posts\/466213"}],"collection":[{"href":"http:\/\/desarrollo.grupomedios.com\/futbol\/wp-json\/wp\/v2\/posts"}],"about":[{"href":"http:\/\/desarrollo.grupomedios.com\/futbol\/wp-json\/wp\/v2\/types\/post"}],"author":[{"embeddable":true,"href":"http:\/\/desarrollo.grupomedios.com\/futbol\/wp-json\/wp\/v2\/users\/20"}],"replies":[{"embeddable":true,"href":"http:\/\/desarrollo.grupomedios.com\/futbol\/wp-json\/wp\/v2\/comments?post=466213"}],"version-history":[{"count":0,"href":"http:\/\/desarrollo.grupomedios.com\/futbol\/wp-json\/wp\/v2\/posts\/466213\/revisions"}],"wp:featuredmedia":[{"embeddable":true,"href":"http:\/\/desarrollo.grupomedios.com\/futbol\/wp-json\/wp\/v2\/media\/466245"}],"wp:attachment":[{"href":"http:\/\/desarrollo.grupomedios.com\/futbol\/wp-json\/wp\/v2\/media?parent=466213"}],"wp:term":[{"taxonomy":"category","embeddable":true,"href":"http:\/\/desarrollo.grupomedios.com\/futbol\/wp-json\/wp\/v2\/categories?post=466213"},{"taxonomy":"post_tag","embeddable":true,"href":"http:\/\/desarrollo.grupomedios.com\/futbol\/wp-json\/wp\/v2\/tags?post=466213"}],"curies":[{"name":"wp","href":"https:\/\/api.w.org\/{rel}","templated":true}]}}