{"id":466217,"date":"2017-03-05T14:30:16","date_gmt":"2017-03-05T20:30:16","guid":{"rendered":"https:\/\/www.futboltotal.com.mx\/?p=466217"},"modified":"2017-03-05T15:56:33","modified_gmt":"2017-03-05T21:56:33","slug":"ibarra-fue-operado-volvera-en-tres-meses","status":"publish","type":"post","link":"http:\/\/desarrollo.grupomedios.com\/futbol\/destacado-home\/ibarra-fue-operado-volvera-en-tres-meses\/2017\/03","title":{"rendered":"Renato Ibarra fue operado; volver\u00e1 en tres meses"},"content":{"rendered":"<p>El volante ecuatoriano del <strong>Am\u00e9rica<\/strong>, <strong>Renato Ibarra<\/strong>, fue operado con \u00e9xito de la fractura que sufri\u00f3 en el peron\u00e9 izquierdo y estar\u00e1 fuera de actividad por los pr\u00f3ximos tres meses.<\/p>\n<p><strong>Ibarra<\/strong> sufri\u00f3 esa lesi\u00f3n luego de una entrada del mediocampista colombiano de Le\u00f3n, Andr\u00e9s Andrade, en el partido en el que ambas escuadras empataron a un gol, correspondiente a la fecha nueve del Torneo Clausura 2017 de la Liga MX.<\/p>\n<p style=\"text-align: center;\"><span style=\"color: #3366ff;\">LEER M\u00c1S: Todas las noticias de futbol mexicano<\/span><\/p>\n<blockquote><p>\u201cLa operaci\u00f3n se logr\u00f3 de manera satisfactoria y estoy muy satisfecho por lo realizado y seguramente en tres meses estar\u00e1 de regreso en la canchas\u201d, declar\u00f3\u00a0Rafael Ortega, m\u00e9dico encargado de realizar la operaci\u00f3n.<\/p><\/blockquote>\n<p>Ortega explic\u00f3 que en su proceso de rehabilitaci\u00f3n tendr\u00e1 que esperar un mes para apoyar el pie y comenzar con los ejercicios que le ayudar\u00e1n a fortalecer la extremidad: \u201cEn cuatro semanas tendr\u00e1 apoyo y luego tendr\u00e1 un programa de rehabilitaci\u00f3n y su recuperaci\u00f3n ser\u00e1 gradual&#8221;, sentenci\u00f3.<\/p>\n<p>Ibarra, que lleg\u00f3 al cuadro <em>azulcrema<\/em>\u00a0en el pasado Apertura 2016, se perder\u00e1 lo que resta Clausura 2017 de la Liga MX.<\/p>\n<p>S\u00edguenos en Twitter: <a href=\"https:\/\/twitter.com\/MXFutbolTotal\">@MXFutbolTotal<\/a><\/p>\n","protected":false},"excerpt":{"rendered":"<p>El volante comenzar\u00e1 su proceso de rehabilitaci\u00f3n dentro de un mes. <\/p>\n","protected":false},"author":20,"featured_media":466241,"comment_status":"closed","ping_status":"closed","sticky":false,"template":"","format":"standard","meta":[],"categories":[5,2198,3845,5950],"tags":[5959,7468],"_links":{"self":[{"href":"http:\/\/desarrollo.grupomedios.com\/futbol\/wp-json\/wp\/v2\/posts\/466217"}],"collection":[{"href":"http:\/\/desarrollo.grupomedios.com\/futbol\/wp-json\/wp\/v2\/posts"}],"about":[{"href":"http:\/\/desarrollo.grupomedios.com\/futbol\/wp-json\/wp\/v2\/types\/post"}],"author":[{"embeddable":true,"href":"http:\/\/desarrollo.grupomedios.com\/futbol\/wp-json\/wp\/v2\/users\/20"}],"replies":[{"embeddable":true,"href":"http:\/\/desarrollo.grupomedios.com\/futbol\/wp-json\/wp\/v2\/comments?post=466217"}],"version-history":[{"count":0,"href":"http:\/\/desarrollo.grupomedios.com\/futbol\/wp-json\/wp\/v2\/posts\/466217\/revisions"}],"wp:featuredmedia":[{"embeddable":true,"href":"http:\/\/desarrollo.grupomedios.com\/futbol\/wp-json\/wp\/v2\/media\/466241"}],"wp:attachment":[{"href":"http:\/\/desarrollo.grupomedios.com\/futbol\/wp-json\/wp\/v2\/media?parent=466217"}],"wp:term":[{"taxonomy":"category","embeddable":true,"href":"http:\/\/desarrollo.grupomedios.com\/futbol\/wp-json\/wp\/v2\/categories?post=466217"},{"taxonomy":"post_tag","embeddable":true,"href":"http:\/\/desarrollo.grupomedios.com\/futbol\/wp-json\/wp\/v2\/tags?post=466217"}],"curies":[{"name":"wp","href":"https:\/\/api.w.org\/{rel}","templated":true}]}}