{"id":466292,"date":"2017-03-06T08:57:50","date_gmt":"2017-03-06T14:57:50","guid":{"rendered":"https:\/\/www.futboltotal.com.mx\/?p=466292"},"modified":"2017-03-06T09:04:11","modified_gmt":"2017-03-06T15:04:11","slug":"chicharito-nuevo-director-tecnico","status":"publish","type":"post","link":"http:\/\/desarrollo.grupomedios.com\/futbol\/destacado-home\/chicharito-nuevo-director-tecnico\/2017\/03","title":{"rendered":"Chicharito tiene nuevo director t\u00e9cnico"},"content":{"rendered":"<p>Chicharito Hern\u00e1ndez y el Bayer Leverkusen ya tienen nuevo directo t\u00e9cnico. Tras la destituci\u00f3n de Roger Schmidt, el club alem\u00e1n anunci\u00f3 este lunes que el turco-alem\u00e1n <strong>Tayfun Korkut<\/strong>, un viejo conocido de la liga espa\u00f1ola de su paso por la Real Sociedad y el Espanyol, asumir\u00e1 el cargo hasta el final de esta temporada.<\/p>\n<p>Korkut fue presentado en la sala de prensa del Bay Arena por el director deportivo del Bayer Leverkusen, Rudi V\u00f6ller, y su misi\u00f3n ser\u00e1 procurar alcanzar la clasificaci\u00f3n para la Liga Europa, en medio de una temporada que ha resultado decepcionante.<\/p>\n<p style=\"text-align: center;\"><span style=\"color: #3366ff;\">LEER M\u00c1S: Todas las noticias de futbol internacional<\/span><\/p>\n<blockquote class=\"twitter-tweet\" data-lang=\"es\">\n<p dir=\"ltr\" lang=\"es\">Tayfun <a href=\"https:\/\/twitter.com\/hashtag\/Korkut?src=hash\">#Korkut<\/a> ha firmado contrato con <a href=\"https:\/\/twitter.com\/hashtag\/Bayer04?src=hash\">#Bayer04<\/a> hasta el final de temporada. <a href=\"https:\/\/t.co\/d4FOQvi0RA\">pic.twitter.com\/d4FOQvi0RA<\/a><\/p>\n<p>\u2014 Bayer 04 Leverkusen (@bayer04_es) <a href=\"https:\/\/twitter.com\/bayer04_es\/status\/838736674037370880\">6 de marzo de 2017<\/a><\/p><\/blockquote>\n<p><script async src=\"\/\/platform.twitter.com\/widgets.js\" charset=\"utf-8\"><\/script><\/p>\n<p>Korkut ha entrenado al Hannvover 96 y al Kaiserslautern pero con ninguno de los dos equipos tuvo continuidad. Ahora relevar\u00e1 a Roger Schmidt, destituido tras la derrota 6-2 ante el Borussia Dortmund que dio al Bayer su tercer descalabro consecutivo, y ahora tendr\u00e1 que apuntalar al Leverkusen, en la Bundesliga, donde el club es d\u00e9cimo en la clasificaci\u00f3n con 30 puntos.<\/p>\n<blockquote class=\"twitter-tweet\" data-lang=\"es\">\n<p dir=\"ltr\" lang=\"es\">Markus <a href=\"https:\/\/twitter.com\/hashtag\/Kr%C3%B6sche?src=hash\">#Kr\u00f6sche<\/a> y J\u00f6rn <a href=\"https:\/\/twitter.com\/hashtag\/Wolf?src=hash\">#Wolf<\/a> ya no ser\u00e1n parte del cuerpo t\u00e9cnico del <a href=\"https:\/\/twitter.com\/hashtag\/Bayer04?src=hash\">#Bayer04<\/a>. <a href=\"https:\/\/t.co\/1xGU6yIPJT\">pic.twitter.com\/1xGU6yIPJT<\/a><\/p>\n<p>\u2014 Bayer 04 Leverkusen (@bayer04_es) <a href=\"https:\/\/twitter.com\/bayer04_es\/status\/838744827688808450\">6 de marzo de 2017<\/a><\/p><\/blockquote>\n<p><script async src=\"\/\/platform.twitter.com\/widgets.js\" charset=\"utf-8\"><\/script><\/p>\n<p>El primer gran desaf\u00edo para Korkut es hacer frente al partido de vuelta de octavos de final de la Liga de Campeones contra el Atl\u00e9tico de Madrid, duelo para el que las <em>Aspirinas<\/em> no tienen grandes esperanzas en la eliminatoria tras haber ca\u00eddo en el partido de ida en casa (2-4).<\/p>\n","protected":false},"excerpt":{"rendered":"<p>El Bayer Leverkusen confirm\u00f3 al relevo de Roger Schmidt; firm\u00f3 hasta el final de la temporada.<\/p>\n","protected":false},"author":20,"featured_media":460571,"comment_status":"closed","ping_status":"closed","sticky":false,"template":"","format":"standard","meta":[],"categories":[5,3839,6822,6718],"tags":[4335,120],"_links":{"self":[{"href":"http:\/\/desarrollo.grupomedios.com\/futbol\/wp-json\/wp\/v2\/posts\/466292"}],"collection":[{"href":"http:\/\/desarrollo.grupomedios.com\/futbol\/wp-json\/wp\/v2\/posts"}],"about":[{"href":"http:\/\/desarrollo.grupomedios.com\/futbol\/wp-json\/wp\/v2\/types\/post"}],"author":[{"embeddable":true,"href":"http:\/\/desarrollo.grupomedios.com\/futbol\/wp-json\/wp\/v2\/users\/20"}],"replies":[{"embeddable":true,"href":"http:\/\/desarrollo.grupomedios.com\/futbol\/wp-json\/wp\/v2\/comments?post=466292"}],"version-history":[{"count":0,"href":"http:\/\/desarrollo.grupomedios.com\/futbol\/wp-json\/wp\/v2\/posts\/466292\/revisions"}],"wp:featuredmedia":[{"embeddable":true,"href":"http:\/\/desarrollo.grupomedios.com\/futbol\/wp-json\/wp\/v2\/media\/460571"}],"wp:attachment":[{"href":"http:\/\/desarrollo.grupomedios.com\/futbol\/wp-json\/wp\/v2\/media?parent=466292"}],"wp:term":[{"taxonomy":"category","embeddable":true,"href":"http:\/\/desarrollo.grupomedios.com\/futbol\/wp-json\/wp\/v2\/categories?post=466292"},{"taxonomy":"post_tag","embeddable":true,"href":"http:\/\/desarrollo.grupomedios.com\/futbol\/wp-json\/wp\/v2\/tags?post=466292"}],"curies":[{"name":"wp","href":"https:\/\/api.w.org\/{rel}","templated":true}]}}