{"id":466308,"date":"2017-03-06T11:07:56","date_gmt":"2017-03-06T17:07:56","guid":{"rendered":"https:\/\/www.futboltotal.com.mx\/?p=466308"},"modified":"2017-03-06T16:05:59","modified_gmt":"2017-03-06T22:05:59","slug":"uruguay-quiere-frenar-con-patadas-a-neymar","status":"publish","type":"post","link":"http:\/\/desarrollo.grupomedios.com\/futbol\/futbol-internacional\/uruguay-quiere-frenar-con-patadas-a-neymar\/2017\/03","title":{"rendered":"Uruguay recibir\u00e1 a Neymar con pataditas"},"content":{"rendered":"<p>El futbolista uruguayo <strong>Alejandro Silva<\/strong> dijo que al brasile\u00f1o <strong>Neymar<\/strong> va a haber que darle &#8220;unas buenas pataditas&#8221; para bajar su rendimiento en el partido que enfrente a ambas selecciones el pr\u00f3ximo 23 de marzo por la d\u00e9cimo tercera jornada de las eliminatorias de clasificaci\u00f3n a Rusia 2018.<\/p>\n<blockquote><p>&#8220;Lo vi jugar a Neymar el s\u00e1bado y est\u00e1 intratable, le vamos a tener que dar unas buenas pataditas. Es uno de los mejores jugadores del mundo junto a Messi, Cristiano Ronaldo y Su\u00e1rez&#8221;, declar\u00f3 Silva, futbolista del Lan\u00fas argentino, en una entrevista con el diario deportivo uruguayo Ovaci\u00f3n.<\/p><\/blockquote>\n<p style=\"text-align: center;\"><a href=\"https:\/\/www.futboltotal.com.mx\/futbol-internacional\/\"><span style=\"color: #3366ff;\">LEER M\u00c1S: Todas las noticias de futbol internacional\u00a0<\/span><\/a><\/p>\n<p>Ausente en la selecci\u00f3n uruguaya desde la preparaci\u00f3n para el Mundial de 2014, Silva entr\u00f3 la semana pasada en la lista preliminar que confeccion\u00f3 el t\u00e9cnico uruguayo, \u00d3scar Washington Tab\u00e1rez, para el partido ante Brasil y el siguiente encuentro contra Per\u00fa de la d\u00e9cimo cuarta fecha.<\/p>\n<p>De confirmarse su convocatoria en la lista definitiva, Silva dijo que cree Tab\u00e1rez lo utilizar\u00e1 como volante en el centro del campo o por un costado, aunque no olvida que se desempe\u00f1\u00f3 mucho tiempo como lateral y que, en ese caso, podr\u00eda tener que medirse de t\u00fa a t\u00fa con Neymar.<\/p>\n<p>El partido ante Brasil lo prev\u00e9 &#8220;duro&#8221; aunque considera que Uruguay es respetado por el resto de selecciones: &#8220;Por m\u00e1s que sea Brasil, Uruguay se gan\u00f3 un respeto hace a\u00f1os, yo creo que nos respetan mucho m\u00e1s las selecciones. A Brasil lo agarramos en uno de los mejores momentos, pero no es el Brasil de a\u00f1os atr\u00e1s con las grandes figuras&#8221;, coment\u00f3.<\/p>\n<blockquote><p>&#8220;Ellos vienen como favoritos pero creo Uruguay est\u00e1 haciendo demasiado bien las cosas como para enfrentarlo de igual a igual y tratar de conseguir los tres puntos que son fundamentales. Va a ser un partido trabado, vamos a tratar de no dejarlos jugar, para eso nosotros estamos bastante acostumbrados&#8221;, agreg\u00f3.<\/p><\/blockquote>\n<p>Uruguay, con 23 puntos, ocupa el segundo lugar de la tabla en las eliminatorias sudamericanas de clasificaci\u00f3n al Mundial de Rusia 2018. En tanto, Brasil lidera la clasificaci\u00f3n con 27 enteros.<\/p>\n<p>S\u00edguenos en Twitter: <a href=\"https:\/\/twitter.com\/MXFutbolTotal\">@MXFutbolTotal<\/a><\/p>\n","protected":false},"excerpt":{"rendered":"<p>Advierten que intentar\u00e1 frenar al brasile\u00f1o como sea en los duelos de eliminatoria mundialista. <\/p>\n","protected":false},"author":20,"featured_media":466311,"comment_status":"closed","ping_status":"closed","sticky":false,"template":"","format":"standard","meta":[],"categories":[3839,5951],"tags":[6009,6251],"_links":{"self":[{"href":"http:\/\/desarrollo.grupomedios.com\/futbol\/wp-json\/wp\/v2\/posts\/466308"}],"collection":[{"href":"http:\/\/desarrollo.grupomedios.com\/futbol\/wp-json\/wp\/v2\/posts"}],"about":[{"href":"http:\/\/desarrollo.grupomedios.com\/futbol\/wp-json\/wp\/v2\/types\/post"}],"author":[{"embeddable":true,"href":"http:\/\/desarrollo.grupomedios.com\/futbol\/wp-json\/wp\/v2\/users\/20"}],"replies":[{"embeddable":true,"href":"http:\/\/desarrollo.grupomedios.com\/futbol\/wp-json\/wp\/v2\/comments?post=466308"}],"version-history":[{"count":0,"href":"http:\/\/desarrollo.grupomedios.com\/futbol\/wp-json\/wp\/v2\/posts\/466308\/revisions"}],"wp:featuredmedia":[{"embeddable":true,"href":"http:\/\/desarrollo.grupomedios.com\/futbol\/wp-json\/wp\/v2\/media\/466311"}],"wp:attachment":[{"href":"http:\/\/desarrollo.grupomedios.com\/futbol\/wp-json\/wp\/v2\/media?parent=466308"}],"wp:term":[{"taxonomy":"category","embeddable":true,"href":"http:\/\/desarrollo.grupomedios.com\/futbol\/wp-json\/wp\/v2\/categories?post=466308"},{"taxonomy":"post_tag","embeddable":true,"href":"http:\/\/desarrollo.grupomedios.com\/futbol\/wp-json\/wp\/v2\/tags?post=466308"}],"curies":[{"name":"wp","href":"https:\/\/api.w.org\/{rel}","templated":true}]}}