{"id":466323,"date":"2017-03-06T12:43:58","date_gmt":"2017-03-06T18:43:58","guid":{"rendered":"https:\/\/www.futboltotal.com.mx\/?p=466323"},"modified":"2017-03-06T12:43:58","modified_gmt":"2017-03-06T18:43:58","slug":"palencia-festejo-triunfo-pumas-bajista-metallica","status":"publish","type":"post","link":"http:\/\/desarrollo.grupomedios.com\/futbol\/futbol-mexicano\/palencia-festejo-triunfo-pumas-bajista-metallica\/2017\/03","title":{"rendered":"Palencia festej\u00f3 el triunfo de Pumas con el bajista de Metallica"},"content":{"rendered":"<p>Luego de la <a href=\"https:\/\/www.futboltotal.com.mx\/2017\/03\/resultado-liga-mx-pumas-2-1-santos-clausura-2017\/\">victoria de los <strong>Pumas<\/strong> por 2-1 sobre <strong>Santos<\/strong><\/a> en la jornada 9 del <strong>Clausura 2017<\/strong> de la Liga MX, el t\u00e9cnico Juan Francisco <strong>Palencia<\/strong> se dio el gusto de festejar este triunfo de una forma muy &#8216;metalera&#8217;: al lado del bajista de la legendaria banda de rock <strong>Metallica<\/strong>.<\/p>\n<p>El <em>Gatillero<\/em> public\u00f3 en redes sociales una imagen en la que aparece al lado de Robert Trujillo, bajista de la banda de metal y con ra\u00edces mexicanas quien aparentemente es seguidor del futbol mexicano y, probablemente, de los Pumas.<\/p>\n<p>&#8220;See ya Tonight, Amigos and blow my head to celebrate you Amazing METALLICA Show and PUMAS win !!!! (Nos vemos esta noche, amigos. Y agitando\u00a0mi cabeza para celebrar tu incre\u00edble concierto Metallica y el triunfo de Pumas)&#8221;, fue la frase que acompa\u00f1\u00f3 la foto de Palencia.<\/p>\n<p>&nbsp;<\/p>\n<blockquote class=\"instagram-media\" style=\"background: #FFF; border: 0; border-radius: 3px; box-shadow: 0 0 1px 0 rgba(0,0,0,0.5),0 1px 10px 0 rgba(0,0,0,0.15); margin: 1px; max-width: 658px; padding: 0; width: calc(100% - 2px);\" data-instgrm-captioned=\"\" data-instgrm-version=\"7\">\n<div style=\"padding: 8px;\">\n<div style=\"background: #F8F8F8; line-height: 0; margin-top: 40px; padding: 50.0% 0; text-align: center; width: 100%;\"><\/div>\n<p style=\"margin: 8px 0 0 0; padding: 0 4px;\"><a style=\"color: #000; font-family: Arial,sans-serif; font-size: 14px; font-style: normal; font-weight: normal; line-height: 17px; text-decoration: none; word-wrap: break-word;\" href=\"https:\/\/www.instagram.com\/p\/BRRmfMFjKtd\/\" target=\"_blank\">See ya Tonight, Amigos and blow my head to celebrate you Amazing METALLICA Show and PUMAS win !!!!..@robtrujillo<\/a><\/p>\n<p style=\"color: #c9c8cd; font-family: Arial,sans-serif; font-size: 14px; line-height: 17px; margin-bottom: 0; margin-top: 8px; overflow: hidden; padding: 8px 0 7px; text-align: center; text-overflow: ellipsis; white-space: nowrap;\">A post shared by Pacopalencia (@pacopalencia73) on <time style=\"font-family: Arial,sans-serif; font-size: 14px; line-height: 17px;\" datetime=\"2017-03-05T23:33:20+00:00\">Mar 5, 2017 at 3:33pm PST<\/time><\/p>\n<\/div>\n<\/blockquote>\n<p><script async defer src=\"\/\/platform.instagram.com\/en_US\/embeds.js\"><\/script><\/p>\n<p>M\u00e1s tarde, el t\u00e9cnico de los Pumas, quien desde su etapa como futbolista siempre manifest\u00f3 su gusto por el rock metal (muestra de ello lo eran y siguen siendo su larga melena y sus u\u00f1as pintadas en negro), public\u00f3 otra foto en la que se ve disfrutando de uno de los conciertos que dio Metallica en suelo mexicano. Palencia acudi\u00f3 precisamente a la fecha del domingo 5 de marzo, horas despu\u00e9s de la victoria de su equipo ante Santos.<\/p>\n<p>&nbsp;<\/p>\n<blockquote class=\"instagram-media\" style=\"background: #FFF; border: 0; border-radius: 3px; box-shadow: 0 0 1px 0 rgba(0,0,0,0.5),0 1px 10px 0 rgba(0,0,0,0.15); margin: 1px; max-width: 658px; padding: 0; width: calc(100% - 2px);\" data-instgrm-captioned=\"\" data-instgrm-version=\"7\">\n<div style=\"padding: 8px;\">\n<div style=\"background: #F8F8F8; line-height: 0; margin-top: 40px; padding: 50.0% 0; text-align: center; width: 100%;\"><\/div>\n<p style=\"margin: 8px 0 0 0; padding: 0 4px;\"><a style=\"color: #000; font-family: Arial,sans-serif; font-size: 14px; font-style: normal; font-weight: normal; line-height: 17px; text-decoration: none; word-wrap: break-word;\" href=\"https:\/\/www.instagram.com\/p\/BRSnxu4jboh\/\" target=\"_blank\">Perfect day &#8230;3 points and METALLICA and Iggy show !! &#8230;thanks for everything @robtrujillo<\/a><\/p>\n<p style=\"color: #c9c8cd; font-family: Arial,sans-serif; font-size: 14px; line-height: 17px; margin-bottom: 0; margin-top: 8px; overflow: hidden; padding: 8px 0 7px; text-align: center; text-overflow: ellipsis; white-space: nowrap;\">A post shared by Pacopalencia (@pacopalencia73) on <time style=\"font-family: Arial,sans-serif; font-size: 14px; line-height: 17px;\" datetime=\"2017-03-06T09:03:51+00:00\">Mar 6, 2017 at 1:03am PST<\/time><\/p>\n<\/div>\n<\/blockquote>\n<p><script async defer src=\"\/\/platform.instagram.com\/en_US\/embeds.js\"><\/script><\/p>\n<p><b>S\u00edguenos en Twitter<\/b>:\u00a0<a href=\"https:\/\/twitter.com\/MXFutbolTotal\"><span class=\"s2\">@MXFutbolTotal<\/span><\/a><\/p>\n","protected":false},"excerpt":{"rendered":"<p>El Gatillero public\u00f3 en redes sociales una imagen en la que aparece al lado de Robert Trujillo, bajista de la banda.<\/p>\n","protected":false},"author":20,"featured_media":466325,"comment_status":"closed","ping_status":"closed","sticky":false,"template":"","format":"standard","meta":[],"categories":[5419,2198,3845],"tags":[7732,1561,64,3338,74,5976],"_links":{"self":[{"href":"http:\/\/desarrollo.grupomedios.com\/futbol\/wp-json\/wp\/v2\/posts\/466323"}],"collection":[{"href":"http:\/\/desarrollo.grupomedios.com\/futbol\/wp-json\/wp\/v2\/posts"}],"about":[{"href":"http:\/\/desarrollo.grupomedios.com\/futbol\/wp-json\/wp\/v2\/types\/post"}],"author":[{"embeddable":true,"href":"http:\/\/desarrollo.grupomedios.com\/futbol\/wp-json\/wp\/v2\/users\/20"}],"replies":[{"embeddable":true,"href":"http:\/\/desarrollo.grupomedios.com\/futbol\/wp-json\/wp\/v2\/comments?post=466323"}],"version-history":[{"count":0,"href":"http:\/\/desarrollo.grupomedios.com\/futbol\/wp-json\/wp\/v2\/posts\/466323\/revisions"}],"wp:featuredmedia":[{"embeddable":true,"href":"http:\/\/desarrollo.grupomedios.com\/futbol\/wp-json\/wp\/v2\/media\/466325"}],"wp:attachment":[{"href":"http:\/\/desarrollo.grupomedios.com\/futbol\/wp-json\/wp\/v2\/media?parent=466323"}],"wp:term":[{"taxonomy":"category","embeddable":true,"href":"http:\/\/desarrollo.grupomedios.com\/futbol\/wp-json\/wp\/v2\/categories?post=466323"},{"taxonomy":"post_tag","embeddable":true,"href":"http:\/\/desarrollo.grupomedios.com\/futbol\/wp-json\/wp\/v2\/tags?post=466323"}],"curies":[{"name":"wp","href":"https:\/\/api.w.org\/{rel}","templated":true}]}}