{"id":466328,"date":"2017-03-06T13:31:01","date_gmt":"2017-03-06T19:31:01","guid":{"rendered":"https:\/\/www.futboltotal.com.mx\/?p=466328"},"modified":"2017-03-06T13:31:01","modified_gmt":"2017-03-06T19:31:01","slug":"ronaldinho-recordo-etapa-en-barca-al-lado-rafa-marquez","status":"publish","type":"post","link":"http:\/\/desarrollo.grupomedios.com\/futbol\/futbol-mexicano\/ronaldinho-recordo-etapa-en-barca-al-lado-rafa-marquez\/2017\/03","title":{"rendered":"Ronaldinho record\u00f3 su etapa en el Bar\u00e7a al lado de Rafa M\u00e1rquez"},"content":{"rendered":"<p>El astro brasile\u00f1o <strong>Ronaldinho<\/strong> tuvo un gran gesto con dos de sus excompa\u00f1eros con lo que hizo realidad una de las \u00e9pocas m\u00e1s ganadoras del <strong>Barcelona<\/strong>.<\/p>\n<p><em>Dinho<\/em> hizo uso de Twitter para publicar una imagen en la que aparece festejando un gol del mexicano <strong>Rafael M\u00e1rquez<\/strong>, adem\u00e1s del espa\u00f1ol <strong>Carles Puyol<\/strong>.<\/p>\n<p>&nbsp;<\/p>\n<blockquote class=\"twitter-tweet\" data-lang=\"es\">\n<p dir=\"ltr\" lang=\"und\">\u26bd\ufe0f\u26bd\ufe0f <a href=\"https:\/\/twitter.com\/RafaMarquezMX\">@rafamarquezmx<\/a> <a href=\"https:\/\/twitter.com\/Carles5puyol\">@carles5puyol<\/a> <a href=\"https:\/\/twitter.com\/FCBarcelona\">@FCBarcelona<\/a> <a href=\"https:\/\/t.co\/WXwr2PksWp\">pic.twitter.com\/WXwr2PksWp<\/a><\/p>\n<p>\u2014 Ronaldinho Ga\u00facho (@10Ronaldinho) <a href=\"https:\/\/twitter.com\/10Ronaldinho\/status\/838376047670353921\">5 de marzo de 2017<\/a><\/p><\/blockquote>\n<p><script async src=\"\/\/platform.twitter.com\/widgets.js\" charset=\"utf-8\"><\/script><\/p>\n<p style=\"text-align: center;\"><a href=\"https:\/\/www.futboltotal.com.mx\/2017\/03\/causa-efecto-diego-lainez\/\">VER M\u00c1S: CAUSA Y EFECTO DE&#8230; DIEGO LAINEZ<\/a><\/p>\n<p>El primero en reaccionar a esto fue Puyol, ya retirado del profesionalismo y uno de los capitanes m\u00e1s emblem\u00e1ticos en la historia del Bar\u00e7a, quien le mand\u00f3 un abrazo a sus viejos c\u00f3mplices en la cancha.<\/p>\n<p>&nbsp;<\/p>\n<blockquote class=\"twitter-tweet\" data-lang=\"es\">\n<p dir=\"ltr\" lang=\"es\"><a href=\"https:\/\/twitter.com\/10Ronaldinho\">@10Ronaldinho<\/a> <a href=\"https:\/\/twitter.com\/RafaMarquezMX\">@RafaMarquezMX<\/a> Abrazo fen\u00f3menos<\/p>\n<p>\u2014 Carles Puyol (@Carles5puyol) <a href=\"https:\/\/twitter.com\/Carles5puyol\/status\/838377825807839232\">5 de marzo de 2017<\/a><\/p><\/blockquote>\n<p><script async src=\"\/\/platform.twitter.com\/widgets.js\" charset=\"utf-8\"><\/script><\/p>\n<p>El \u00faltimo en responder fue M\u00e1rquez, quien pas\u00f3 siete exitosos a\u00f1os entre 2003 y 2010 con el Barcelona, los primeros cinco al lado de Ronaldinho. Puyol jug\u00f3 15 temporadas como profesional, todas con el Bar\u00e7a de 1999 a 2014.<\/p>\n<p>&nbsp;<\/p>\n<blockquote class=\"twitter-tweet\" data-lang=\"es\">\n<p dir=\"ltr\" lang=\"es\">Un fuerte abrazo amigos <a href=\"https:\/\/twitter.com\/Carles5puyol\">@Carles5puyol<\/a> <a href=\"https:\/\/twitter.com\/10Ronaldinho\">@10Ronaldinho<\/a> Que grandes recuerdos! <a href=\"https:\/\/t.co\/vDRGOiueob\">https:\/\/t.co\/vDRGOiueob<\/a><\/p>\n<p>\u2014 Rafa Marquez (@RafaMarquezMX) <a href=\"https:\/\/twitter.com\/RafaMarquezMX\/status\/838462528426545152\">5 de marzo de 2017<\/a><\/p><\/blockquote>\n<p><script async src=\"\/\/platform.twitter.com\/widgets.js\" charset=\"utf-8\"><\/script><\/p>\n<p class=\"p1\"><span class=\"s1\"><b>S\u00edguenos en Twitter<\/b>:\u00a0<a href=\"https:\/\/twitter.com\/MXFutbolTotal\"><span class=\"s2\">@MXFutbolTotal<\/span><\/a><\/span><\/p>\n","protected":false},"excerpt":{"rendered":"<p>El astro brasile\u00f1o Ronaldinho tuvo un gran gesto con dos de sus excompa\u00f1eros.<\/p>\n","protected":false},"author":20,"featured_media":466339,"comment_status":"closed","ping_status":"closed","sticky":false,"template":"","format":"standard","meta":[],"categories":[5419,3841,3839,2198,3844,3845,6718],"tags":[2086,5984,8305,64,4358,6033,5997],"_links":{"self":[{"href":"http:\/\/desarrollo.grupomedios.com\/futbol\/wp-json\/wp\/v2\/posts\/466328"}],"collection":[{"href":"http:\/\/desarrollo.grupomedios.com\/futbol\/wp-json\/wp\/v2\/posts"}],"about":[{"href":"http:\/\/desarrollo.grupomedios.com\/futbol\/wp-json\/wp\/v2\/types\/post"}],"author":[{"embeddable":true,"href":"http:\/\/desarrollo.grupomedios.com\/futbol\/wp-json\/wp\/v2\/users\/20"}],"replies":[{"embeddable":true,"href":"http:\/\/desarrollo.grupomedios.com\/futbol\/wp-json\/wp\/v2\/comments?post=466328"}],"version-history":[{"count":0,"href":"http:\/\/desarrollo.grupomedios.com\/futbol\/wp-json\/wp\/v2\/posts\/466328\/revisions"}],"wp:featuredmedia":[{"embeddable":true,"href":"http:\/\/desarrollo.grupomedios.com\/futbol\/wp-json\/wp\/v2\/media\/466339"}],"wp:attachment":[{"href":"http:\/\/desarrollo.grupomedios.com\/futbol\/wp-json\/wp\/v2\/media?parent=466328"}],"wp:term":[{"taxonomy":"category","embeddable":true,"href":"http:\/\/desarrollo.grupomedios.com\/futbol\/wp-json\/wp\/v2\/categories?post=466328"},{"taxonomy":"post_tag","embeddable":true,"href":"http:\/\/desarrollo.grupomedios.com\/futbol\/wp-json\/wp\/v2\/tags?post=466328"}],"curies":[{"name":"wp","href":"https:\/\/api.w.org\/{rel}","templated":true}]}}