{"id":466378,"date":"2017-03-06T16:49:36","date_gmt":"2017-03-06T22:49:36","guid":{"rendered":"https:\/\/www.futboltotal.com.mx\/?p=466378"},"modified":"2017-03-06T16:50:30","modified_gmt":"2017-03-06T22:50:30","slug":"arroyo-niega-peleas-la-volpe","status":"publish","type":"post","link":"http:\/\/desarrollo.grupomedios.com\/futbol\/futbol-mexicano\/arroyo-niega-peleas-la-volpe\/2017\/03","title":{"rendered":"Arroyo niega peleas con La Volpe"},"content":{"rendered":"<p><strong>Michael Arroyo<\/strong> vive su peor torneo desde que llego al <strong>Am\u00e9rica<\/strong> en el Apertura 2014, cuando fue titular con Miguel Herrera. En el Clausura 2017 solo ha podido disputado 318 minutos y solo tras la lesi\u00f3n de Cecilio Dom\u00ednguez, el entrenador Ricardo La Volpe lo ha utilizado como titular en los \u00faltimos tres partidos.<\/p>\n<p>La regla 10+8 y el rendimiento por debajo de lo esperado fueron argumento suficiente para ser descartado en la liga. El ecuatoriano sabe que no ha dejado buenas sensaciones y, adem\u00e1s, quiso aclarar que no ha tenido pelas con el timonel, como trascendi\u00f3 y se especul\u00f3 en su momento.<\/p>\n<p style=\"text-align: center;\"><a href=\"https:\/\/www.futboltotal.com.mx\/2017\/03\/11-infame-la-jornada-9-del-clausura-2017\/\"><span style=\"color: #3366ff;\">LEER M\u00c1S: El 11 infame de la Jornada 9 del Clausura 2017<\/span><\/a><\/p>\n<blockquote><p>&#8220;Nunca he peleado con el profesor La Volpe, siempre he aceptado sus decisiones y creo que por eso sigo ac\u00e1. Pienso que todos los que puedan ser llamados para no estar en el primer equipo, har\u00e1n lo mismo que yo&#8221;, dijo\u00a0el volante ecuatoriano este lunes, cuando le cuestionaron al respecto al salir del entrenamientos del club Am\u00e9rica.<\/p><\/blockquote>\n<p>Arroyo reconoci\u00f3 que los minutos que le ha dado La Volpe no ha podido dejar buenas sensaciones. En ninguno de estos tres partidos ha podido marcar gol y el \u00fanico que ha hecho en liga este semestre fue el 15 de enero ante Toluca.<\/p>\n<p>Con el regreso del paraguayo Cecilio Dom\u00ednguez en puerta, Arroyo podr\u00eda volver a ser descarte de La Volpe. El ecuatoriano tiene plena conciencia de ello y asegur\u00f3 que no le pesa tener pocos minutos con el primer equipo.<\/p>\n<blockquote><p>&#8220;Tampoco puedo quejarme, porque he jugado 90 minutos en los partidos y no estoy desesperado. Cualquiera que juegue va a hacer las cosas bien&#8221;, agreg\u00f3 Arroyo, quien remat\u00f3 lamentando la lesi\u00f3n de su connacional Renato Ibarra, quien tras ser operado de un doble fractura de tibia y peron\u00e9 se perder\u00e1 el resto el torneo y estar\u00e1 fuera de actividad, m\u00ednimo, tres meses.<\/p><\/blockquote>\n<p>S\u00edguenos en Twitter: <a href=\"https:\/\/twitter.com\/MXFutbolTotal\" target=\"_blank\">@MXFutbolTotal<\/a><\/p>\n<p>&nbsp;<\/p>\n","protected":false},"excerpt":{"rendered":"<p>El volante ecuatoriano afirm\u00f3 que no puede quejarse por tener pocos minutos en Am\u00e9rica.<\/p>\n","protected":false},"author":20,"featured_media":466385,"comment_status":"closed","ping_status":"closed","sticky":false,"template":"","format":"standard","meta":[],"categories":[2198,3845,5950],"tags":[5959,4775],"_links":{"self":[{"href":"http:\/\/desarrollo.grupomedios.com\/futbol\/wp-json\/wp\/v2\/posts\/466378"}],"collection":[{"href":"http:\/\/desarrollo.grupomedios.com\/futbol\/wp-json\/wp\/v2\/posts"}],"about":[{"href":"http:\/\/desarrollo.grupomedios.com\/futbol\/wp-json\/wp\/v2\/types\/post"}],"author":[{"embeddable":true,"href":"http:\/\/desarrollo.grupomedios.com\/futbol\/wp-json\/wp\/v2\/users\/20"}],"replies":[{"embeddable":true,"href":"http:\/\/desarrollo.grupomedios.com\/futbol\/wp-json\/wp\/v2\/comments?post=466378"}],"version-history":[{"count":0,"href":"http:\/\/desarrollo.grupomedios.com\/futbol\/wp-json\/wp\/v2\/posts\/466378\/revisions"}],"wp:featuredmedia":[{"embeddable":true,"href":"http:\/\/desarrollo.grupomedios.com\/futbol\/wp-json\/wp\/v2\/media\/466385"}],"wp:attachment":[{"href":"http:\/\/desarrollo.grupomedios.com\/futbol\/wp-json\/wp\/v2\/media?parent=466378"}],"wp:term":[{"taxonomy":"category","embeddable":true,"href":"http:\/\/desarrollo.grupomedios.com\/futbol\/wp-json\/wp\/v2\/categories?post=466378"},{"taxonomy":"post_tag","embeddable":true,"href":"http:\/\/desarrollo.grupomedios.com\/futbol\/wp-json\/wp\/v2\/tags?post=466378"}],"curies":[{"name":"wp","href":"https:\/\/api.w.org\/{rel}","templated":true}]}}