{"id":466397,"date":"2017-03-06T18:23:08","date_gmt":"2017-03-07T00:23:08","guid":{"rendered":"https:\/\/www.futboltotal.com.mx\/?p=466397"},"modified":"2017-03-06T18:23:08","modified_gmt":"2017-03-07T00:23:08","slug":"martinoli-llama-al-piojo-herrera-la-carmen-salinas-del-futbol","status":"publish","type":"post","link":"http:\/\/desarrollo.grupomedios.com\/futbol\/futbol-mexicano\/martinoli-llama-al-piojo-herrera-la-carmen-salinas-del-futbol\/2017\/03","title":{"rendered":"Martinoli llama al Piojo Herrera &#8220;la Carmen Salinas del futbol&#8221;"},"content":{"rendered":"<p>El narrador deportivo Christian <strong>Martinoli<\/strong>, famoso por haber sido v\u00edctima de un <a href=\"https:\/\/www.futboltotal.com.mx\/2016\/10\/le-diria-piojo-a-martinoli-lo-tuviera-en-frente\/\">ataque de furia del t\u00e9cnico Miguel <strong><em>Piojo<\/em> Herrera<\/strong> durante la Copa Oro 2016<\/a>, compar\u00f3 al actual entrenador de <strong>Tijuana<\/strong> con la peculiar actriz y pol\u00edtica <strong>Carmen Salinas<\/strong>.<\/p>\n<p>En una sesi\u00f3n de preguntas, el famoso comentarista critic\u00f3 la postura del Piojo, quien desde su punto de vista habla de todos los temas menos de lo que compete a su propio club.<\/p>\n<p class=\"p1\"><span class=\"s1\">&#8220;Hasta donde tengo entendido, cuando Tijuana viene al DF (Ciudad de M\u00e9xico) el entrenador de Tijuana se la pasa en todos los canales de televisi\u00f3n, quitando TV Azteca (risas) sale en todos lados, mantiene este ritmo de &#8220;salgo hasta en los programas de cocina&#8221;.\u00a0<\/span><span class=\"s1\">Se ha convertido en la Carmen Salinas del futbol&#8221;.<\/span><\/p>\n<p class=\"p1\"><a href=\"https:\/\/www.futboltotal.com.mx\/2017\/03\/marc-crosas-envia-mensaje-brizuela-y-tunde-sambueza\/\">VER M\u00c1S: MARC CROSAS EMV\u00cdA MENSAJE A CONEJITO BRIZUELA Y TUNDE A SAMBUEZA<\/a><\/p>\n<p class=\"p1\">El narrador no dej\u00f3 las cosas ah\u00ed e intent\u00f3 ahondar en por qu\u00e9 compar\u00f3 al t\u00e9cnico con la colorida actriz.<\/p>\n<p class=\"p1\"><span class=\"s1\">&#8220;Es decir, le preguntan sobre el gasolina, sobre el presidente de la rep\u00fablica, sobre el Am\u00e9rica, sobre si La Volpe tiene que seguir, sobre el Cl\u00e1sico del futbol mexicano, le preguntan sobre J\u00e9mez\u2026 \u00a1y nunca le preguntan de Tijuana!\u00a0<\/span><span class=\"s1\">Nadie le pregunta \u00bfy c\u00f3mo va Tijuana?, \u00bfy c\u00f3mo ves el equipo?, \u00bfy qu\u00e9 has hecho para mejorarlo?, \u00bfy por qu\u00e9 tienen buena racha?<\/span><\/p>\n<p class=\"p1\">Eso s\u00ed, no perdi\u00f3 la oportunidad de minimizar algunos logros del <em>Piojo<\/em>, como el incre\u00edble t\u00edtulo que consigui\u00f3 al frente del Am\u00e9rica durante el torneo Clausura 2013, cuando de manera \u00e9pica se impuso al Cruz Azul con gol incluido tras remate de cabeza de su portero Mois\u00e9s Mu\u00f1oz cuando el partido ya estaba por concluir en el tiempo regular.<\/p>\n<p class=\"p1\"><span class=\"s1\">&#8220;Todo es: \u00bfY c\u00f3mo ves lo dem\u00e1s, y c\u00f3mo ves a Osorio? Yo creo que \u00e9l piensa que todav\u00eda es el t\u00e9cnico de la Selecci\u00f3n Mexicana o del Am\u00e9rica. De que tendr\u00e1 la oportunidad de regresar al Am\u00e9rica pues ni duda cabe, porque la gente del Am\u00e9rica lo adora, est\u00e1 bien porque les dio un campeonato, un churrazo brutal porque que te meta un gol tu portero al minuto 93 pues tampoco es una cuesti\u00f3n t\u00e1ctica muy avispada. Es un tema de &#8220;Vamos al abordaje&#8221; y (\u2026) remat\u00f3 Mois\u00e9s Mu\u00f1oz&#8221;, agreg\u00f3 Martinoli.<\/span><\/p>\n<p class=\"p1\"><a href=\"https:\/\/www.futboltotal.com.mx\/2017\/03\/isaac-brizuela-se-perdera-torneo-chivas\/\">VER M\u00c1S: ISAAC BRIZUELA SE PERDER\u00c1 LO QUE RESTA DE TORNEO CON CHIVAS<\/a><\/p>\n<p class=\"p1\">Como si quisiera aconsejarlo, Christian dijo que Miguel Herrera har\u00eda mejor en guardar silencio acerca de todo tema que no tenga que ver con sus Xolos, ya que el club fronterizo viene haciendo bien las cosas desde el torneo anterior.<\/p>\n<p class=\"p1\"><span class=\"s1\">&#8220;Yo s\u00ed creo que deber\u00eda bajarle un poquito y centrarse en su equipo que hasta el momento lo est\u00e1 haciendo correctamente, porque Tijuana el a\u00f1o pasado (fue) l\u00edder, este a\u00f1o no baja de los primeros tres lugares, le saca provecho a jugar en esta cancha que es jugar pr\u00e1cticamente en cemento. Entonces Tijuana ha hecho un muy buen trabajo como para que cuando entrevisten al t\u00e9cnico de los Xolos se la pase hablando de cualquier otra cosa menos de su equipo&#8221;, concluy\u00f3 el cronista deportivo en entrevista para Referee.<\/span><\/p>\n<p class=\"p1\"><span class=\"s1\"><b>S\u00edguenos en Twitter<\/b>:\u00a0<a href=\"https:\/\/twitter.com\/MXFutbolTotal\"><span class=\"s2\">@MXFutbolTotal<\/span><\/a><\/span><\/p>\n","protected":false},"excerpt":{"rendered":"<p>El comentarista critic\u00f3 al Piojo por hablar de todo menos de su propio club.<\/p>\n","protected":false},"author":20,"featured_media":466402,"comment_status":"closed","ping_status":"closed","sticky":false,"template":"","format":"standard","meta":[],"categories":[5419,2198,3845],"tags":[5959,64,5848,255,257,6157,5974,1673],"_links":{"self":[{"href":"http:\/\/desarrollo.grupomedios.com\/futbol\/wp-json\/wp\/v2\/posts\/466397"}],"collection":[{"href":"http:\/\/desarrollo.grupomedios.com\/futbol\/wp-json\/wp\/v2\/posts"}],"about":[{"href":"http:\/\/desarrollo.grupomedios.com\/futbol\/wp-json\/wp\/v2\/types\/post"}],"author":[{"embeddable":true,"href":"http:\/\/desarrollo.grupomedios.com\/futbol\/wp-json\/wp\/v2\/users\/20"}],"replies":[{"embeddable":true,"href":"http:\/\/desarrollo.grupomedios.com\/futbol\/wp-json\/wp\/v2\/comments?post=466397"}],"version-history":[{"count":0,"href":"http:\/\/desarrollo.grupomedios.com\/futbol\/wp-json\/wp\/v2\/posts\/466397\/revisions"}],"wp:featuredmedia":[{"embeddable":true,"href":"http:\/\/desarrollo.grupomedios.com\/futbol\/wp-json\/wp\/v2\/media\/466402"}],"wp:attachment":[{"href":"http:\/\/desarrollo.grupomedios.com\/futbol\/wp-json\/wp\/v2\/media?parent=466397"}],"wp:term":[{"taxonomy":"category","embeddable":true,"href":"http:\/\/desarrollo.grupomedios.com\/futbol\/wp-json\/wp\/v2\/categories?post=466397"},{"taxonomy":"post_tag","embeddable":true,"href":"http:\/\/desarrollo.grupomedios.com\/futbol\/wp-json\/wp\/v2\/tags?post=466397"}],"curies":[{"name":"wp","href":"https:\/\/api.w.org\/{rel}","templated":true}]}}