{"id":466432,"date":"2017-03-07T09:13:36","date_gmt":"2017-03-07T15:13:36","guid":{"rendered":"https:\/\/www.futboltotal.com.mx\/?p=466432"},"modified":"2017-03-07T09:13:36","modified_gmt":"2017-03-07T15:13:36","slug":"marco-fabian-revela-lesion-le-impedia-ir-al-bano","status":"publish","type":"post","link":"http:\/\/desarrollo.grupomedios.com\/futbol\/destacado-home\/marco-fabian-revela-lesion-le-impedia-ir-al-bano\/2017\/03","title":{"rendered":"Marco Fabi\u00e1n revela que su lesi\u00f3n &#8220;le imped\u00eda ir al ba\u00f1o&#8221;"},"content":{"rendered":"<p>El 2017 ha sido un a\u00f1o dif\u00edcil para Marco Fabi\u00e1n, pues el futbolista mexicano del Eintracht Frankfurt no ha pisado las canchas desde el pasado mes de enero debido a una inflamaci\u00f3n en la regi\u00f3n lumbar.<\/p>\n<p>El seleccionado mexicano apareci\u00f3 ante los medios de comunicaci\u00f3n y revel\u00f3 los detalles de la lesi\u00f3n que lo ha apartado de las canchas.<\/p>\n<p style=\"text-align: center;\"><span style=\"color: #3366ff;\"><a style=\"color: #3366ff;\" href=\"https:\/\/www.futboltotal.com.mx\/2017\/03\/isaac-brizuela-se-perdera-torneo-chivas\/\">LEER M\u00c1S: Isaac Brizuela se perder\u00e1 todo el torneo con Chivas<\/a><\/span><\/p>\n<blockquote><p>\u201cEs un gusto estar de vuelta. Ha sido un mes un poco dif\u00edcil, por todo lo que he sufrido. Pero hoy puedo decir que, gracias a Dios, estoy m\u00e1s cerca de regresar\u201d, manifest\u00f3.<\/p><\/blockquote>\n<p>El ex jugador de Chivas tambi\u00e9n habl\u00f3 sobre lo que vivi\u00f3 con el proceso de su lesi\u00f3n, pues explic\u00f3 que los doctores no pod\u00edan encontrar el diagn\u00f3stico correcto y confes\u00f3 que hubo momentos en los que no pod\u00eda ir al ba\u00f1o o vestirse solo.<\/p>\n<blockquote><p>\u201cEn la primeras semanas no encontraban qu\u00e9 ten\u00eda exactamente. Despu\u00e9s de visitar a muchos doctores, se encontr\u00f3 que ten\u00eda un nervio ci\u00e1tico, que estaba sufriendo un pellizco. Se trataba de una discopat\u00eda; lo pude solucionar con inyecciones y trabajos de espalda.<\/p>\n<p>\u201cCuando no encontr\u00e1bamos la soluci\u00f3n, me pon\u00eda a pensar en mi futuro y en cuanto podr\u00eda regresar con mi gran amor, que es el futbol. So\u00f1aba con tocar un bal\u00f3n, cuando no pod\u00eda no pararme para ir al ba\u00f1o\u201c: declar\u00f3 en entrevista para la Bundesliga en espa\u00f1ol.<\/p><\/blockquote>\n<p>A pesar de que el t\u00e9cnico croata Niko Kovac aseguraba que estar\u00eda pronto de regreso en las canchas, parece que Marco Fab\u00edan podr\u00eda volver a ver acci\u00f3n hasta finaels del mes de marzo, cuando el Eintracht se enfrente al Hamburgo o al Borussia M\u00f6nchengladbach en la Bundesliga.<\/p>\n","protected":false},"excerpt":{"rendered":"<p>El mexicano detall\u00f3 los problemas de su lesi\u00f3n.<\/p>\n","protected":false},"author":20,"featured_media":454753,"comment_status":"closed","ping_status":"closed","sticky":false,"template":"","format":"standard","meta":[],"categories":[5,3839],"tags":[3588,131],"_links":{"self":[{"href":"http:\/\/desarrollo.grupomedios.com\/futbol\/wp-json\/wp\/v2\/posts\/466432"}],"collection":[{"href":"http:\/\/desarrollo.grupomedios.com\/futbol\/wp-json\/wp\/v2\/posts"}],"about":[{"href":"http:\/\/desarrollo.grupomedios.com\/futbol\/wp-json\/wp\/v2\/types\/post"}],"author":[{"embeddable":true,"href":"http:\/\/desarrollo.grupomedios.com\/futbol\/wp-json\/wp\/v2\/users\/20"}],"replies":[{"embeddable":true,"href":"http:\/\/desarrollo.grupomedios.com\/futbol\/wp-json\/wp\/v2\/comments?post=466432"}],"version-history":[{"count":0,"href":"http:\/\/desarrollo.grupomedios.com\/futbol\/wp-json\/wp\/v2\/posts\/466432\/revisions"}],"wp:featuredmedia":[{"embeddable":true,"href":"http:\/\/desarrollo.grupomedios.com\/futbol\/wp-json\/wp\/v2\/media\/454753"}],"wp:attachment":[{"href":"http:\/\/desarrollo.grupomedios.com\/futbol\/wp-json\/wp\/v2\/media?parent=466432"}],"wp:term":[{"taxonomy":"category","embeddable":true,"href":"http:\/\/desarrollo.grupomedios.com\/futbol\/wp-json\/wp\/v2\/categories?post=466432"},{"taxonomy":"post_tag","embeddable":true,"href":"http:\/\/desarrollo.grupomedios.com\/futbol\/wp-json\/wp\/v2\/tags?post=466432"}],"curies":[{"name":"wp","href":"https:\/\/api.w.org\/{rel}","templated":true}]}}