{"id":466458,"date":"2017-03-07T11:03:21","date_gmt":"2017-03-07T17:03:21","guid":{"rendered":"https:\/\/www.futboltotal.com.mx\/?p=466458"},"modified":"2017-03-07T11:03:21","modified_gmt":"2017-03-07T17:03:21","slug":"barcelona-preocupa-psg-si-perdemos-5-1-nos-vamos-contentos","status":"publish","type":"post","link":"http:\/\/desarrollo.grupomedios.com\/futbol\/futbol-internacional\/barcelona-preocupa-psg-si-perdemos-5-1-nos-vamos-contentos\/2017\/03","title":{"rendered":"Bar\u00e7a preocupa al PSG: &#8220;Si perdemos 5-1, \u00bfnos vamos contentos?&#8221;"},"content":{"rendered":"<p>Ni la inesperada y aplastante victoria de 4-0 en el juego de ida ante el <strong>Barcelona<\/strong> tranquiliza a los jugadores del <strong>Paris Saint-Germain<\/strong>, quienes saben de la enorme oportunidad que tienen de eliminar de la <strong>Champions League<\/strong> a uno de los favoritos al t\u00edtulo, pero a la vez no dejan de preguntarse qu\u00e9 pasar\u00eda en caso de ser remontados.<\/p>\n<p>Tal fue el caso de cuatro de los jugadores del equipo parisino: Marco Verratti, Julian Draxler, Thomas Meunier y Blaise Matuidi, quienes aparecieron en un programa de televisi\u00f3n en el que acudieron juntos a un restaurante y platican de diversos temas, entre ellos el duro partido que les espera en el estadio Camp Nou ante el Bar\u00e7a.<\/p>\n<p style=\"text-align: center;\"><a href=\"https:\/\/www.futboltotal.com.mx\/2017\/03\/vaya-propuesta-gritas-forza-real-madrid-te-enseno-las-te\/\">VER M\u00c1S: \u00a1VAYA PROPUESTA! &#8220;SI GRITAS &#8216;FORZA REAL MADRID&#8217; TE ENSE\u00d1O LAS TE&#8230;&#8221;<\/a><\/p>\n<p>Verratti le pregunt\u00f3 a sus compa\u00f1eros qu\u00e9 es lo que sentir\u00edan si es que salen del campo del Barcelona con una derrota de 5-1 (que empatar\u00eda el global, pero dar\u00eda el pase a los parisinos por el gol de visitante). &#8220;\u00bfEstar\u00edan felices o no?&#8221;, plante\u00f3 el italiano.<\/p>\n<p>Las posturas fueron diversas, algunos dijeron que s\u00ed se ir\u00edan felices por avanzar a cuartos de final, mientras que otros dejaron en claro que estar\u00edan molestos por perder de esa forma ante los <em>Blaugranas<\/em>.<\/p>\n<p><iframe loading=\"lazy\" src=\"https:\/\/www.youtube.com\/embed\/QoPFinNzLU4?ecver=1\" frameborder=\"0\" allowfullscreen=\"allowfullscreen\"><\/iframe><\/p>\n<p class=\"p1\"><span class=\"s1\"><b>S\u00edguenos en Twitter<\/b>:\u00a0<a href=\"https:\/\/twitter.com\/MXFutbolTotal\"><span class=\"s2\">@MXFutbolTotal<\/span><\/a><\/span><\/p>\n","protected":false},"excerpt":{"rendered":"<p>Verratti le pregunt\u00f3 a sus compa\u00f1eros qu\u00e9 sentir\u00edan si salen del campo del Barcelona con derrota de 5-1.<\/p>\n","protected":false},"author":20,"featured_media":466436,"comment_status":"closed","ping_status":"closed","sticky":false,"template":"","format":"standard","meta":[],"categories":[5419,3841,3839],"tags":[2086,5984,97,36,1376,114],"_links":{"self":[{"href":"http:\/\/desarrollo.grupomedios.com\/futbol\/wp-json\/wp\/v2\/posts\/466458"}],"collection":[{"href":"http:\/\/desarrollo.grupomedios.com\/futbol\/wp-json\/wp\/v2\/posts"}],"about":[{"href":"http:\/\/desarrollo.grupomedios.com\/futbol\/wp-json\/wp\/v2\/types\/post"}],"author":[{"embeddable":true,"href":"http:\/\/desarrollo.grupomedios.com\/futbol\/wp-json\/wp\/v2\/users\/20"}],"replies":[{"embeddable":true,"href":"http:\/\/desarrollo.grupomedios.com\/futbol\/wp-json\/wp\/v2\/comments?post=466458"}],"version-history":[{"count":0,"href":"http:\/\/desarrollo.grupomedios.com\/futbol\/wp-json\/wp\/v2\/posts\/466458\/revisions"}],"wp:featuredmedia":[{"embeddable":true,"href":"http:\/\/desarrollo.grupomedios.com\/futbol\/wp-json\/wp\/v2\/media\/466436"}],"wp:attachment":[{"href":"http:\/\/desarrollo.grupomedios.com\/futbol\/wp-json\/wp\/v2\/media?parent=466458"}],"wp:term":[{"taxonomy":"category","embeddable":true,"href":"http:\/\/desarrollo.grupomedios.com\/futbol\/wp-json\/wp\/v2\/categories?post=466458"},{"taxonomy":"post_tag","embeddable":true,"href":"http:\/\/desarrollo.grupomedios.com\/futbol\/wp-json\/wp\/v2\/tags?post=466458"}],"curies":[{"name":"wp","href":"https:\/\/api.w.org\/{rel}","templated":true}]}}