{"id":466462,"date":"2017-03-07T11:48:38","date_gmt":"2017-03-07T17:48:38","guid":{"rendered":"https:\/\/www.futboltotal.com.mx\/?p=466462"},"modified":"2017-03-07T12:08:23","modified_gmt":"2017-03-07T18:08:23","slug":"carlos-vela-lesionado-duda-derbi-vasco-tri","status":"publish","type":"post","link":"http:\/\/desarrollo.grupomedios.com\/futbol\/futbol-internacional\/carlos-vela-lesionado-duda-derbi-vasco-tri\/2017\/03","title":{"rendered":"Carlos Vela lesionado; es duda para derbi vasco y con el Tri"},"content":{"rendered":"<p>Las lesiones siguen siendo el tal\u00f3n de Aquiles del delantero mexicano <strong>Carlos Vela<\/strong>, quien esta vez tuvo que dejar el entrenamiento de la <strong>Real Sociedad<\/strong> debido a molestias en una rodilla.<\/p>\n<p>&#8220;Se ha retirado por molestias en la rodilla izquierda, pendiente de valoraci\u00f3n (incluidas pruebas complementarias)&#8221;, fue el reporte de los servicios m\u00e9dicos del conjunto donostiarra.<\/p>\n<p>Apenas hace poco m\u00e1s de un mes, el ariete azteca sufri\u00f3 molestias en el menisco de la misma rodilla que le causa problemas en esta ocasi\u00f3n, por lo que la Real desea llevar con mucho cuidado a Vela.<\/p>\n<p style=\"text-align: center;\"><a href=\"https:\/\/www.futboltotal.com.mx\/2017\/03\/diego-lainez-tiene-futuro-en-europa\/\">VER M\u00c1S: LA VOLPE YA VE A DIEGO LAINEZ EN EUROPA<\/a><\/p>\n<p>Inicialmente, Carlos estar\u00eda descartado para ver acci\u00f3n el pr\u00f3ximo domingo cuando la Real Sociedad dispute el derbi vasco ante el Athletic Club.<\/p>\n<p>Sin embargo, esta molestia f\u00edsica de Vela tambi\u00e9n pone en duda su presencia en la pr\u00f3xima convocatoria de Juan Carlos Osorio con la Selecci\u00f3n Mexicana para disputar los duelos de la Eliminatoria mundialista de la zona de Concacaf ante Costa Rica y Trinidad y Tobago. Todo est\u00e1 a la espera de que se confirme la lesi\u00f3n del mexicano.<\/p>\n<p class=\"p1\"><span class=\"s1\"><b>S\u00edguenos en Twitter<\/b>:\u00a0<a href=\"https:\/\/twitter.com\/MXFutbolTotal\"><span class=\"s2\">@MXFutbolTotal<\/span><\/a><\/span><\/p>\n","protected":false},"excerpt":{"rendered":"<p>El delantero mexicano sali\u00f3 tocado del entrenamiento de este martes en San Sebasti\u00e1n.<\/p>\n","protected":false},"author":20,"featured_media":464962,"comment_status":"closed","ping_status":"closed","sticky":false,"template":"","format":"standard","meta":[],"categories":[3839,3844,6718,3847],"tags":[6048,102,409,2418],"_links":{"self":[{"href":"http:\/\/desarrollo.grupomedios.com\/futbol\/wp-json\/wp\/v2\/posts\/466462"}],"collection":[{"href":"http:\/\/desarrollo.grupomedios.com\/futbol\/wp-json\/wp\/v2\/posts"}],"about":[{"href":"http:\/\/desarrollo.grupomedios.com\/futbol\/wp-json\/wp\/v2\/types\/post"}],"author":[{"embeddable":true,"href":"http:\/\/desarrollo.grupomedios.com\/futbol\/wp-json\/wp\/v2\/users\/20"}],"replies":[{"embeddable":true,"href":"http:\/\/desarrollo.grupomedios.com\/futbol\/wp-json\/wp\/v2\/comments?post=466462"}],"version-history":[{"count":0,"href":"http:\/\/desarrollo.grupomedios.com\/futbol\/wp-json\/wp\/v2\/posts\/466462\/revisions"}],"wp:featuredmedia":[{"embeddable":true,"href":"http:\/\/desarrollo.grupomedios.com\/futbol\/wp-json\/wp\/v2\/media\/464962"}],"wp:attachment":[{"href":"http:\/\/desarrollo.grupomedios.com\/futbol\/wp-json\/wp\/v2\/media?parent=466462"}],"wp:term":[{"taxonomy":"category","embeddable":true,"href":"http:\/\/desarrollo.grupomedios.com\/futbol\/wp-json\/wp\/v2\/categories?post=466462"},{"taxonomy":"post_tag","embeddable":true,"href":"http:\/\/desarrollo.grupomedios.com\/futbol\/wp-json\/wp\/v2\/tags?post=466462"}],"curies":[{"name":"wp","href":"https:\/\/api.w.org\/{rel}","templated":true}]}}