{"id":466618,"date":"2017-03-07T16:10:47","date_gmt":"2017-03-07T22:10:47","guid":{"rendered":"https:\/\/www.futboltotal.com.mx\/?p=466618"},"modified":"2017-03-07T16:10:47","modified_gmt":"2017-03-07T22:10:47","slug":"rubens-sambueza-andres-andrade-suspendidos-indefinidamente","status":"publish","type":"post","link":"http:\/\/desarrollo.grupomedios.com\/futbol\/destacado-home\/rubens-sambueza-andres-andrade-suspendidos-indefinidamente\/2017\/03","title":{"rendered":"\u00a1Rubens Sambueza y Andr\u00e9s Andrade, suspendidos indefinidamente!"},"content":{"rendered":"<p>Chivas y Am\u00e9rica mandaron su petici\u00f3n a la Liga MX, para que <strong>Rubens Sambueza<\/strong> del Toluca, y<strong> Andr\u00e9s Andrade<\/strong> del Le\u00f3n, fueran inhabilitados por las lesiones que causaron a Isaac Brizuela y Renato Ibarra, respectivamente, durante la jornada 9 del Clausura 2017.<\/p>\n<p>La resoluci\u00f3n de la Comisi\u00f3n Disicplinaria, tras la solicitud de Chivas y Am\u00e9rica, fue la siguiente: \u201cse determina que los jugadores <strong>Rubens Sambueza<\/strong> y <strong>Andr\u00e9s Andrade<\/strong>, se encuentran suspendidos de manera temporal para participar en cualquier Divisi\u00f3n o Competencia del Torneo Clausura 2017, por estar involucrados en un proceso de investigaci\u00f3n (por lesi\u00f3n)\u201d, indic\u00f3 la Liga MX, en comunicado oficial.<\/p>\n<p style=\"text-align: center;\"><span style=\"color: #3366ff;\"><a style=\"color: #3366ff;\" href=\"https:\/\/www.futboltotal.com.mx\/2017\/03\/leon-pierde-uno-sus-trofeos\/\" target=\"_blank\"><strong>LEER M\u00c1S: Le\u00f3n pierde uno de sus trofeos<\/strong><\/a><\/span><\/p>\n<blockquote class=\"twitter-tweet\" data-lang=\"es\">\n<p dir=\"ltr\" lang=\"es\">La Comisi\u00f3n Disciplinaria Informa <a href=\"https:\/\/t.co\/i21J3xTX1k\">https:\/\/t.co\/i21J3xTX1k<\/a> <a href=\"https:\/\/t.co\/570Og2IPh3\">pic.twitter.com\/570Og2IPh3<\/a><\/p>\n<p>\u2014 FEMEXFUT (@FMF) <a href=\"https:\/\/twitter.com\/FMF\/status\/839231077973700612\">7 de marzo de 2017<\/a><\/p><\/blockquote>\n<p><script async src=\"\/\/platform.twitter.com\/widgets.js\" charset=\"utf-8\"><\/script><\/p>\n<p>\u201cSe comunica tambi\u00e9n que <strong>Rubens Sambueza<\/strong>\u00a0 y <strong>Andr\u00e9s Andrade<\/strong> tendr\u00e1n su derecho de r\u00e9plica ante esta Comisi\u00f3n, quien analizar\u00e1 todas las pruebas aportadas al caso y determinar\u00e1 lo conducente\u201d,concluy\u00f3 la Liga MX.<\/p>\n<p><strong>S\u00edguenos en Twitter:<\/strong> <a href=\"https:\/\/twitter.com\/MXFutbolTotal\" target=\"_blank\">@MXFutbolTotal<\/a><\/p>\n","protected":false},"excerpt":{"rendered":"<p>Tras las lesiones que causaron en la jornada 9 del Clausura 2017, este fue su castigo.<\/p>\n","protected":false},"author":20,"featured_media":466617,"comment_status":"closed","ping_status":"closed","sticky":false,"template":"","format":"standard","meta":[],"categories":[5,2198,3845],"tags":[5959,3947,70,5965,808,5975],"_links":{"self":[{"href":"http:\/\/desarrollo.grupomedios.com\/futbol\/wp-json\/wp\/v2\/posts\/466618"}],"collection":[{"href":"http:\/\/desarrollo.grupomedios.com\/futbol\/wp-json\/wp\/v2\/posts"}],"about":[{"href":"http:\/\/desarrollo.grupomedios.com\/futbol\/wp-json\/wp\/v2\/types\/post"}],"author":[{"embeddable":true,"href":"http:\/\/desarrollo.grupomedios.com\/futbol\/wp-json\/wp\/v2\/users\/20"}],"replies":[{"embeddable":true,"href":"http:\/\/desarrollo.grupomedios.com\/futbol\/wp-json\/wp\/v2\/comments?post=466618"}],"version-history":[{"count":0,"href":"http:\/\/desarrollo.grupomedios.com\/futbol\/wp-json\/wp\/v2\/posts\/466618\/revisions"}],"wp:featuredmedia":[{"embeddable":true,"href":"http:\/\/desarrollo.grupomedios.com\/futbol\/wp-json\/wp\/v2\/media\/466617"}],"wp:attachment":[{"href":"http:\/\/desarrollo.grupomedios.com\/futbol\/wp-json\/wp\/v2\/media?parent=466618"}],"wp:term":[{"taxonomy":"category","embeddable":true,"href":"http:\/\/desarrollo.grupomedios.com\/futbol\/wp-json\/wp\/v2\/categories?post=466618"},{"taxonomy":"post_tag","embeddable":true,"href":"http:\/\/desarrollo.grupomedios.com\/futbol\/wp-json\/wp\/v2\/tags?post=466618"}],"curies":[{"name":"wp","href":"https:\/\/api.w.org\/{rel}","templated":true}]}}