{"id":466657,"date":"2017-03-07T18:01:13","date_gmt":"2017-03-08T00:01:13","guid":{"rendered":"https:\/\/www.futboltotal.com.mx\/?p=466657"},"modified":"2017-03-07T18:01:13","modified_gmt":"2017-03-08T00:01:13","slug":"renato-ibarra-defiende-a-andres-andrade-tras-la-lesion","status":"publish","type":"post","link":"http:\/\/desarrollo.grupomedios.com\/futbol\/futbol-mexicano\/renato-ibarra-defiende-a-andres-andrade-tras-la-lesion\/2017\/03","title":{"rendered":"Renato Ibarra  defiende a Andr\u00e9s Andrade tras la lesi\u00f3n"},"content":{"rendered":"<p>El futbolista del Am\u00e9rica, <strong>Renato Ibarra<\/strong>, quien sufri\u00f3 fractura de peron\u00e9 durante el partido ante Le\u00f3n, envi\u00f3 un mensaje en defensa de <strong>Andr\u00e9s Andrade<\/strong>, tras salir de la operaci\u00f3n a la que fue sometido, el pasado lunes 6 de marzo. El ecuatoriano afirma que no hubo mala intenci\u00f3n por parte del <em>Rifle<\/em>, en la jugada que lo oblig\u00f3 a salir del partido.<\/p>\n<blockquote class=\"twitter-tweet\" data-lang=\"es\">\n<p dir=\"ltr\" lang=\"es\">La operaci\u00f3n fue un \u00e9xito gracias a Dios y los Doctores que me cuidan Pronto me dar\u00e1n de alta. Gracias a los que han estado al pendiente! &#x1f64c;&#x1f3fe; <a href=\"https:\/\/t.co\/UMNBnQK8qv\">pic.twitter.com\/UMNBnQK8qv<\/a><\/p>\n<p>\u2014 Renato Ibarra Mina (@RenatoIbarraM) <a href=\"https:\/\/twitter.com\/RenatoIbarraM\/status\/838807133412024320\">6 de marzo de 2017<\/a><\/p><\/blockquote>\n<p><script async src=\"\/\/platform.twitter.com\/widgets.js\" charset=\"utf-8\"><\/script><\/p>\n<p>\u201cSe ha polemizado un poco, pero la verdad no hubo mala intenci\u00f3n del <em>Rifle<\/em>. Las cosas se dieron as\u00ed, voy a estar fuera tres meses, espero que la recuperaci\u00f3n sea buena y est\u00e9 lo m\u00e1s pronto posible en las canchas\u201d, indic\u00f3 <strong>Renato Ibarra<\/strong>, en charla con el diario <em>ESTO<\/em>.<\/p>\n<p style=\"text-align: center;\"><span style=\"color: #3366ff;\"><a style=\"color: #3366ff;\" href=\"https:\/\/www.futboltotal.com.mx\/2017\/03\/rubens-sambueza-andres-andrade-suspendidos-indefinidamente\/\" target=\"_blank\"><strong>LEER M\u00c1S: El castigo que la Liga MX puso a Andr\u00e9s Andrade<\/strong><\/a><\/span><\/p>\n<p><strong>Renato Ibarra<\/strong> tendr\u00e1 inmovilizado el pie durante una semana, despu\u00e9s iniciar\u00e1 el proceso de rehabilitaci\u00f3n, mismo que lo aparta de toda actividad futbol\u00edstica, por el resto del Clausura 2017.<\/p>\n<blockquote class=\"twitter-tweet\" data-lang=\"es\">\n<p dir=\"ltr\" lang=\"es\">\u00a1Siempre contigo <a href=\"https:\/\/twitter.com\/RenatoIbarraM\">@RenatoIbarraM<\/a>! <a href=\"https:\/\/twitter.com\/hashtag\/FuerzaRenato?src=hash\">#FuerzaRenato<\/a> <a href=\"https:\/\/t.co\/yywp20hqCP\">pic.twitter.com\/yywp20hqCP<\/a><\/p>\n<p>\u2014 Club Am\u00e9rica (@ClubAmerica) <a href=\"https:\/\/twitter.com\/ClubAmerica\/status\/838494462783471616\">5 de marzo de 2017<\/a><\/p><\/blockquote>\n<p><script async src=\"\/\/platform.twitter.com\/widgets.js\" charset=\"utf-8\"><\/script><\/p>\n<p><strong>S\u00edguenos en Twitter:<\/strong> <a href=\"https:\/\/twitter.com\/MXFutbolTotal\" target=\"_blank\">@MXFutbolTotal<\/a><\/p>\n","protected":false},"excerpt":{"rendered":"<p>Al salir del hospital, el ecuatoriano habl\u00f3 positivamente del Rifle.<\/p>\n","protected":false},"author":20,"featured_media":466658,"comment_status":"closed","ping_status":"closed","sticky":false,"template":"","format":"standard","meta":[],"categories":[2198,3845],"tags":[5959,3947,5965,7468],"_links":{"self":[{"href":"http:\/\/desarrollo.grupomedios.com\/futbol\/wp-json\/wp\/v2\/posts\/466657"}],"collection":[{"href":"http:\/\/desarrollo.grupomedios.com\/futbol\/wp-json\/wp\/v2\/posts"}],"about":[{"href":"http:\/\/desarrollo.grupomedios.com\/futbol\/wp-json\/wp\/v2\/types\/post"}],"author":[{"embeddable":true,"href":"http:\/\/desarrollo.grupomedios.com\/futbol\/wp-json\/wp\/v2\/users\/20"}],"replies":[{"embeddable":true,"href":"http:\/\/desarrollo.grupomedios.com\/futbol\/wp-json\/wp\/v2\/comments?post=466657"}],"version-history":[{"count":0,"href":"http:\/\/desarrollo.grupomedios.com\/futbol\/wp-json\/wp\/v2\/posts\/466657\/revisions"}],"wp:featuredmedia":[{"embeddable":true,"href":"http:\/\/desarrollo.grupomedios.com\/futbol\/wp-json\/wp\/v2\/media\/466658"}],"wp:attachment":[{"href":"http:\/\/desarrollo.grupomedios.com\/futbol\/wp-json\/wp\/v2\/media?parent=466657"}],"wp:term":[{"taxonomy":"category","embeddable":true,"href":"http:\/\/desarrollo.grupomedios.com\/futbol\/wp-json\/wp\/v2\/categories?post=466657"},{"taxonomy":"post_tag","embeddable":true,"href":"http:\/\/desarrollo.grupomedios.com\/futbol\/wp-json\/wp\/v2\/tags?post=466657"}],"curies":[{"name":"wp","href":"https:\/\/api.w.org\/{rel}","templated":true}]}}