{"id":466665,"date":"2017-03-07T18:40:08","date_gmt":"2017-03-08T00:40:08","guid":{"rendered":"https:\/\/www.futboltotal.com.mx\/?p=466665"},"modified":"2017-03-08T07:46:10","modified_gmt":"2017-03-08T13:46:10","slug":"conmebol-libertadores-nueva-alianza-heineken","status":"publish","type":"post","link":"http:\/\/desarrollo.grupomedios.com\/futbol\/futbol-internacional\/conmebol-libertadores-nueva-alianza-heineken\/2017\/03","title":{"rendered":"La CONMEBOL Libertadores tiene nueva alianza con Heineken"},"content":{"rendered":"<p>Para el regreso de la<strong> Copa Bridgestone Libertadores<\/strong> con su nuevo formato, la Conmebol ha confirmado la alianza con Amstel, una de las cervezas premium de <strong>Heineken.\u00a0<\/strong><\/p>\n<p>El nuevo contrato durar\u00e1 hasta el 2020 y es una de las piezas claves del torneo ahora que se est\u00e1 renovando.<\/p>\n<blockquote><p><span style=\"font-weight: 400;\">&#8220;<strong>Amstel<\/strong> est\u00e1 disponible en m\u00e1s de 100 pa\u00edses y tiene una orgullosa historia de apoyo al f\u00fatbol en diferentes niveles. Estamos encantados de que la marca lograra un acuerdo para los pr\u00f3ximos 4 a\u00f1os con la competencia de clubes m\u00e1s importante de Latinoam\u00e9rica. Nos emociona formar parte de la <strong>CONMEBOL LIBERTADORES BRIDGESTONE<\/strong> y conectar con los millones de fans apasionados a lo largo y ancho del continente&#8221;, coment\u00f3 Hans Erik Tuijt, Director Mundial de Patrocinios de <strong>HEINEKEN<\/strong> Internacional. <\/span><\/p><\/blockquote>\n<p>EL nuevo acuerdo coloca a Amstel como la \u00fanica marca de cerveza, sidra y malta en la Copa Libertadores. Parte del contrato refleja que la marca tendr\u00e1 presencia dentro y fuera de la cancha.<\/p>\n<blockquote><p><span style=\"font-weight: 400;\"> \u201cEstamos muy complacidos por la firma de este patrocinio con una marca relevante como Amstel. Estamos seguros, que este acuerdo ser\u00e1 beneficioso para ambas partes, nuestra Copa y los miles de aficionados de la <strong>CONMEBOL LIBERTADORES BRIDGESTONE<\/strong>&#8220;, coment\u00f3\u00a0Marcos Senna, Director Comercial de la CONMEBOL.<\/span><\/p><\/blockquote>\n<p>A trav\u00e9s de un comunicado oficial la marca de cervezas y la CONMEBOL, informaron a los medios sobre el nuevo acuerdo.<\/p>\n<p>S\u00edguenos en Twitter: <a href=\"https:\/\/twitter.com\/MXFutbolTotal\" target=\"_blank\">@MXFutbolTotal<\/a><\/p>\n","protected":false},"excerpt":{"rendered":"<p>La Conmebol anunci\u00f3 un nuevo patrocinio hasta el 2020.<\/p>\n","protected":false},"author":20,"featured_media":466669,"comment_status":"closed","ping_status":"closed","sticky":false,"template":"","format":"standard","meta":[],"categories":[5419,3859,3839],"tags":[1396],"_links":{"self":[{"href":"http:\/\/desarrollo.grupomedios.com\/futbol\/wp-json\/wp\/v2\/posts\/466665"}],"collection":[{"href":"http:\/\/desarrollo.grupomedios.com\/futbol\/wp-json\/wp\/v2\/posts"}],"about":[{"href":"http:\/\/desarrollo.grupomedios.com\/futbol\/wp-json\/wp\/v2\/types\/post"}],"author":[{"embeddable":true,"href":"http:\/\/desarrollo.grupomedios.com\/futbol\/wp-json\/wp\/v2\/users\/20"}],"replies":[{"embeddable":true,"href":"http:\/\/desarrollo.grupomedios.com\/futbol\/wp-json\/wp\/v2\/comments?post=466665"}],"version-history":[{"count":0,"href":"http:\/\/desarrollo.grupomedios.com\/futbol\/wp-json\/wp\/v2\/posts\/466665\/revisions"}],"wp:featuredmedia":[{"embeddable":true,"href":"http:\/\/desarrollo.grupomedios.com\/futbol\/wp-json\/wp\/v2\/media\/466669"}],"wp:attachment":[{"href":"http:\/\/desarrollo.grupomedios.com\/futbol\/wp-json\/wp\/v2\/media?parent=466665"}],"wp:term":[{"taxonomy":"category","embeddable":true,"href":"http:\/\/desarrollo.grupomedios.com\/futbol\/wp-json\/wp\/v2\/categories?post=466665"},{"taxonomy":"post_tag","embeddable":true,"href":"http:\/\/desarrollo.grupomedios.com\/futbol\/wp-json\/wp\/v2\/tags?post=466665"}],"curies":[{"name":"wp","href":"https:\/\/api.w.org\/{rel}","templated":true}]}}