{"id":466890,"date":"2017-03-08T11:19:34","date_gmt":"2017-03-08T17:19:34","guid":{"rendered":"https:\/\/www.futboltotal.com.mx\/?p=466890"},"modified":"2017-03-08T11:19:34","modified_gmt":"2017-03-08T17:19:34","slug":"chivas-tendria-propia-serie-la-transmitiria-netflix","status":"publish","type":"post","link":"http:\/\/desarrollo.grupomedios.com\/futbol\/futbol-mexicano\/chivas-tendria-propia-serie-la-transmitiria-netflix\/2017\/03","title":{"rendered":"Chivas tendr\u00eda su propia serie y la transmitir\u00eda Netflix"},"content":{"rendered":"<p>Al parecer el acuerdo para que <strong>Chivas<\/strong> y <strong>Netflix<\/strong> trabajen en conjunto podr\u00eda darse en breve, aunque no para concretarse el rumor que\u00a0ha estado sonando sobre la uni\u00f3n de Chivas TV con la plataforma de pel\u00edculas y series.<\/p>\n<p>De acuerdo a reportes de medios como el diario R\u00e9cord, el v\u00ednculo ser\u00eda para llevar a cabo una serie sobre c\u00f3mo se vive al interior del Reba\u00f1o, algo similar a lo que ya hacen clubes como el Pachuca con la televisora Fox Sports.<\/p>\n<p style=\"text-align: center;\"><a href=\"https:\/\/www.futboltotal.com.mx\/2017\/02\/chivas-tv-estaria-cerca-unirse-netflix\/\">VER M\u00c1S: CHIVAS TV ESTAR\u00cdA CERCA DE UNIRSE&#8230; CON NETFLIX<\/a><\/p>\n<p>Se menciona que Amaury Vergara, hijo del propietario del Chiver\u00edo, Jorge Vergara, y a cargo de Chivas TV, estar\u00eda al frente de este proyecto en el \u00e1rea de producci\u00f3n. buscando mostrar la forma en que los jugadores y cuerpo t\u00e9cnico viven los d\u00edas antes y despu\u00e9s de los partidos.<\/p>\n<p>Aunque no hay una fecha para el lanzamiento de la serie, se espera que sea presentada a finales de este 2017, en un esfuerzo porque la afici\u00f3n rojiblanca conozca m\u00e1s detalles del d\u00eda a d\u00eda de sus jugadores favoritos por medio de Netflix.<\/p>\n<p class=\"p1\"><span class=\"s1\"><b>S\u00edguenos en Twitter<\/b>:\u00a0<a href=\"https:\/\/twitter.com\/MXFutbolTotal\"><span class=\"s2\">@MXFutbolTotal<\/span><\/a><\/span><\/p>\n","protected":false},"excerpt":{"rendered":"<p>Chivas y la plataforma de video realizar\u00edan una serie sobre c\u00f3mo se vive al interior del Reba\u00f1o.<\/p>\n","protected":false},"author":20,"featured_media":465612,"comment_status":"closed","ping_status":"closed","sticky":false,"template":"","format":"standard","meta":[],"categories":[5419,2198,3845],"tags":[70,7110,5963,64,7711],"_links":{"self":[{"href":"http:\/\/desarrollo.grupomedios.com\/futbol\/wp-json\/wp\/v2\/posts\/466890"}],"collection":[{"href":"http:\/\/desarrollo.grupomedios.com\/futbol\/wp-json\/wp\/v2\/posts"}],"about":[{"href":"http:\/\/desarrollo.grupomedios.com\/futbol\/wp-json\/wp\/v2\/types\/post"}],"author":[{"embeddable":true,"href":"http:\/\/desarrollo.grupomedios.com\/futbol\/wp-json\/wp\/v2\/users\/20"}],"replies":[{"embeddable":true,"href":"http:\/\/desarrollo.grupomedios.com\/futbol\/wp-json\/wp\/v2\/comments?post=466890"}],"version-history":[{"count":0,"href":"http:\/\/desarrollo.grupomedios.com\/futbol\/wp-json\/wp\/v2\/posts\/466890\/revisions"}],"wp:featuredmedia":[{"embeddable":true,"href":"http:\/\/desarrollo.grupomedios.com\/futbol\/wp-json\/wp\/v2\/media\/465612"}],"wp:attachment":[{"href":"http:\/\/desarrollo.grupomedios.com\/futbol\/wp-json\/wp\/v2\/media?parent=466890"}],"wp:term":[{"taxonomy":"category","embeddable":true,"href":"http:\/\/desarrollo.grupomedios.com\/futbol\/wp-json\/wp\/v2\/categories?post=466890"},{"taxonomy":"post_tag","embeddable":true,"href":"http:\/\/desarrollo.grupomedios.com\/futbol\/wp-json\/wp\/v2\/tags?post=466890"}],"curies":[{"name":"wp","href":"https:\/\/api.w.org\/{rel}","templated":true}]}}