{"id":466907,"date":"2017-03-08T11:00:10","date_gmt":"2017-03-08T17:00:10","guid":{"rendered":"https:\/\/www.futboltotal.com.mx\/?p=466907"},"modified":"2017-03-08T12:14:11","modified_gmt":"2017-03-08T18:14:11","slug":"asi-marcha-la-liga-femenil-a-meses-arranque","status":"publish","type":"post","link":"http:\/\/desarrollo.grupomedios.com\/futbol\/destacado-home\/asi-marcha-la-liga-femenil-a-meses-arranque\/2017\/03","title":{"rendered":"As\u00ed marcha la liga femenil a meses de su arranque"},"content":{"rendered":"<p>El <strong>futbol femenil<\/strong> tendr\u00e1 un punto de inflexi\u00f3n en este 2017. Y es que se llevar\u00e1 a acabo el primer torneo para mujeres de la <strong>Liga MX<\/strong>. Por ahora, hay m\u00e1s dudas que certezas dada la magnitud del proyecto que pretende la federaci\u00f3n. Aun as\u00ed el sue\u00f1o est\u00e1 por hacerse realidad.<\/p>\n<p>A unos meses de que arranque el proyecto anunciado el 5 de diciembre de 2016 aun est\u00e1 en proceso de construcci\u00f3n, en Futbol Total repasamos c\u00f3mo va y que es lo que se pretende con esta gran iniciativa que busca, adem\u00e1s de ser un negocio rentable, ser la competencia que permita forjar jugadoras que puedan llegar a la selecci\u00f3n femenil.<\/p>\n<p>&nbsp;<\/p>\n<p style=\"text-align: center;\"><span style=\"color: #3366ff;\">LEER M\u00c1S: Todas las noticias de futbol mexicano<\/span><\/p>\n<p><script type=\"text\/javascript\" src=\"\/\/cdn.playbuzz.com\/widget\/feed.js\"><\/script><\/p>\n<div class=\"pb_feed\" data-embed-by=\"d43f3879-83ed-40bc-99d7-fde80605466f\" data-item=\"6ecd16d0-3c16-4d71-b3ca-e242390d950a\" data-recommend=\"false\" data-game-info=\"false\" data-version=\"2\"><\/div>\n","protected":false},"excerpt":{"rendered":"<p>La Liga MX pretende arrancar con un torneo de Copa en menos de tres meses.<\/p>\n","protected":false},"author":20,"featured_media":466908,"comment_status":"closed","ping_status":"closed","sticky":false,"template":"","format":"standard","meta":[],"categories":[5,2198,3845],"tags":[5506,64],"_links":{"self":[{"href":"http:\/\/desarrollo.grupomedios.com\/futbol\/wp-json\/wp\/v2\/posts\/466907"}],"collection":[{"href":"http:\/\/desarrollo.grupomedios.com\/futbol\/wp-json\/wp\/v2\/posts"}],"about":[{"href":"http:\/\/desarrollo.grupomedios.com\/futbol\/wp-json\/wp\/v2\/types\/post"}],"author":[{"embeddable":true,"href":"http:\/\/desarrollo.grupomedios.com\/futbol\/wp-json\/wp\/v2\/users\/20"}],"replies":[{"embeddable":true,"href":"http:\/\/desarrollo.grupomedios.com\/futbol\/wp-json\/wp\/v2\/comments?post=466907"}],"version-history":[{"count":0,"href":"http:\/\/desarrollo.grupomedios.com\/futbol\/wp-json\/wp\/v2\/posts\/466907\/revisions"}],"wp:featuredmedia":[{"embeddable":true,"href":"http:\/\/desarrollo.grupomedios.com\/futbol\/wp-json\/wp\/v2\/media\/466908"}],"wp:attachment":[{"href":"http:\/\/desarrollo.grupomedios.com\/futbol\/wp-json\/wp\/v2\/media?parent=466907"}],"wp:term":[{"taxonomy":"category","embeddable":true,"href":"http:\/\/desarrollo.grupomedios.com\/futbol\/wp-json\/wp\/v2\/categories?post=466907"},{"taxonomy":"post_tag","embeddable":true,"href":"http:\/\/desarrollo.grupomedios.com\/futbol\/wp-json\/wp\/v2\/tags?post=466907"}],"curies":[{"name":"wp","href":"https:\/\/api.w.org\/{rel}","templated":true}]}}