{"id":466937,"date":"2017-03-08T13:20:48","date_gmt":"2017-03-08T19:20:48","guid":{"rendered":"https:\/\/www.futboltotal.com.mx\/?p=466937"},"modified":"2017-03-08T14:37:45","modified_gmt":"2017-03-08T20:37:45","slug":"roberto-zermeno-propietario-estadio-leon","status":"publish","type":"post","link":"http:\/\/desarrollo.grupomedios.com\/futbol\/futbol-mexicano\/roberto-zermeno-propietario-estadio-leon\/2017\/03","title":{"rendered":"Roberto Zerme\u00f1o es el propietario del Estadio de Le\u00f3n"},"content":{"rendered":"<p>La resoluci\u00f3n de litigio que ten\u00eda el ex propietario de<strong> Le\u00f3n<\/strong>, <strong>Roberto Zerme\u00f1o<\/strong> con el municipio, fall\u00f3 nuevamente a favor del empresario que fue due\u00f1o de la Fiera. Esto provoca que Grupo Pachuca tenga que buscar una nueva opci\u00f3n para los juegos de local de su equipo.<\/p>\n<p>Los Magistrados del Primer Tribunal Colegiado en Materia Civil rechazaron el amparo solicitado por el Municipio de <strong>Le\u00f3n,<\/strong> que pretend\u00eda hacerse del inmueble, tal y como lo otorg\u00f3 la actual directiva del club. <strong>Zerme\u00f1o Reyes y H\u00e9ctor Gonz\u00e1lez<\/strong>, ahora ratificados como due\u00f1os del estadio.<\/p>\n<p style=\"text-align: center;\"><a href=\"https:\/\/www.futboltotal.com.mx\/2017\/03\/ex-arbitro-vicky-tovar-recordo-misoginia-de-borgetti-y-otros-jugadores\/\" target=\"_blank\">LEER M\u00c1S: Ex \u00e1rbitro Vicky Tovar record\u00f3 misoginia de Borgetti, Cuau y otros<\/a><\/p>\n<p>Luego de la ratificaci\u00f3n\u00a0<strong>Zerme\u00f1o y Gonz\u00e1lez<\/strong> comenzar\u00e1n a hacer tr\u00e1mites para tomar posesi\u00f3n del estadio, seg\u00fan apunta este d\u00eda\u00a0<em>Pressport. <\/em><\/p>\n<p>En diversas ocasiones Zerme\u00f1o ha manifestado que est\u00e1 dispuesto a negociar con Jes\u00fas Mart\u00ednez para que Le\u00f3n pueda seguir jugando en el Nou Camp; sin embargo Grupo Pachuca ha declarado que no quieren hacer ninguna negociaci\u00f3n.<\/p>\n<p>El alcalde de la ciudad de <strong>Le\u00f3n, H\u00e9ctor L\u00f3pez<\/strong>, ha emitido un mensaje a trav\u00e9s de sus redes sociales para toda la afici\u00f3n Esmeralda, en donde promete que van a resolver la situaci\u00f3n del equipo.<\/p>\n<blockquote><p>&#8220;A la afici\u00f3n leonesa quiero decirle que este proceso no termina. Existen otros recursos legales que vamos a utilizar para devolver el Estadio Le\u00f3n a quien verdaderamente le pertenece: la afici\u00f3n&#8221;, se puede leer en el mensaje.<\/p><\/blockquote>\n<p>S\u00edguenos en Twitter: <a href=\"https:\/\/twitter.com\/MXFutbolTotal\" target=\"_blank\">@MXFutbolTotal<\/a><\/p>\n","protected":false},"excerpt":{"rendered":"<p>Grupo Pachuca tendr\u00e1 que buscar otras opciones para sus juegos de local.<\/p>\n","protected":false},"author":20,"featured_media":466952,"comment_status":"closed","ping_status":"closed","sticky":false,"template":"","format":"standard","meta":[],"categories":[2198,3845],"tags":[5965],"_links":{"self":[{"href":"http:\/\/desarrollo.grupomedios.com\/futbol\/wp-json\/wp\/v2\/posts\/466937"}],"collection":[{"href":"http:\/\/desarrollo.grupomedios.com\/futbol\/wp-json\/wp\/v2\/posts"}],"about":[{"href":"http:\/\/desarrollo.grupomedios.com\/futbol\/wp-json\/wp\/v2\/types\/post"}],"author":[{"embeddable":true,"href":"http:\/\/desarrollo.grupomedios.com\/futbol\/wp-json\/wp\/v2\/users\/20"}],"replies":[{"embeddable":true,"href":"http:\/\/desarrollo.grupomedios.com\/futbol\/wp-json\/wp\/v2\/comments?post=466937"}],"version-history":[{"count":0,"href":"http:\/\/desarrollo.grupomedios.com\/futbol\/wp-json\/wp\/v2\/posts\/466937\/revisions"}],"wp:featuredmedia":[{"embeddable":true,"href":"http:\/\/desarrollo.grupomedios.com\/futbol\/wp-json\/wp\/v2\/media\/466952"}],"wp:attachment":[{"href":"http:\/\/desarrollo.grupomedios.com\/futbol\/wp-json\/wp\/v2\/media?parent=466937"}],"wp:term":[{"taxonomy":"category","embeddable":true,"href":"http:\/\/desarrollo.grupomedios.com\/futbol\/wp-json\/wp\/v2\/categories?post=466937"},{"taxonomy":"post_tag","embeddable":true,"href":"http:\/\/desarrollo.grupomedios.com\/futbol\/wp-json\/wp\/v2\/tags?post=466937"}],"curies":[{"name":"wp","href":"https:\/\/api.w.org\/{rel}","templated":true}]}}