{"id":466995,"date":"2017-03-08T15:14:12","date_gmt":"2017-03-08T21:14:12","guid":{"rendered":"https:\/\/www.futboltotal.com.mx\/?p=466995"},"modified":"2017-03-08T15:49:02","modified_gmt":"2017-03-08T21:49:02","slug":"leon-construiria-nuevo-estadio-tras-conflicto-legal","status":"publish","type":"post","link":"http:\/\/desarrollo.grupomedios.com\/futbol\/futbol-mexicano\/leon-construiria-nuevo-estadio-tras-conflicto-legal\/2017\/03","title":{"rendered":"\u00a1Le\u00f3n construir\u00eda nuevo estadio tras conflicto legal!"},"content":{"rendered":"<p>Tras los conflictos legales que se han presentado recientemente, por la propiedad del estadio Nou Camp, casa del <strong>Le\u00f3n<\/strong> en la Liga MX; se ha sugerido que la <em>Fiera<\/em> dejar\u00eda el inmueble o hasta la ciudad, en caso de perder la disputa.<\/p>\n<p>Sin embargo, a trav\u00e9s de un comunicado, la directiva del <strong>Le\u00f3n<\/strong> reconoci\u00f3 que luchar\u00e1 hasta el final, por encontrar una resoluci\u00f3n satisfactoria en cuanto a<a href=\"https:\/\/www.futboltotal.com.mx\/2017\/03\/roberto-zermeno-propietario-estadio-leon\/\" target=\"_blank\"> los problemas con el Nou Camp<\/a>; pero en caso de perder, se\u00f1ala que no abandonar\u00e1n el municipio de Guanajuato, porque de ah\u00ed viene su nombre, adem\u00e1s de pertenecer a una ciudad fundamental en la historia de M\u00e9xico.<\/p>\n<p>En ese contexto, cabe se\u00f1alar que la directiva hace un gui\u00f1o a la posibilidad de construir un nuevo estadio donde reciba el conjunto <em>felino<\/em> como local, en su ciudad de origen. \u201cLa afici\u00f3n, el equipo y la Ciudad, merecen desde hace tiempo, un estadio al nivel de nuestra historia y prestigio, somos un club legendario del futbol mexicano\u201d, indic\u00f3 <strong>Le\u00f3n<\/strong>.<\/p>\n<p style=\"text-align: center;\"><span style=\"color: #3366ff;\"><a style=\"color: #3366ff;\" href=\"https:\/\/www.futboltotal.com.mx\/2017\/03\/leon-pierde-uno-sus-trofeos\/\" target=\"_blank\"><strong>LEER M\u00c1S: La Fiera pierde uno de sus trofeos<\/strong><\/a><\/span><\/p>\n<blockquote class=\"twitter-tweet\" data-lang=\"es\">\n<p dir=\"ltr\" lang=\"pt\">COMUNICADO OFICIAL <a href=\"https:\/\/t.co\/cHDWMca3ab\">pic.twitter.com\/cHDWMca3ab<\/a><\/p>\n<p>\u2014 Club Le\u00f3n (@clubleonfc) <a href=\"https:\/\/twitter.com\/clubleonfc\/status\/839579715769942042\">8 de marzo de 2017<\/a><\/p><\/blockquote>\n<p><script async src=\"\/\/platform.twitter.com\/widgets.js\" charset=\"utf-8\"><\/script><\/p>\n<p>En d\u00edas anteriores, la directiva de la <em>Fiera<\/em> acept\u00f3 que analizaban dejar la sede, pero quiz\u00e1 la medida ser\u00eda temporal, en el caso de que s\u00ed pongan en marcha la construcci\u00f3n de un nuevo estadio, situaci\u00f3n que no solo mejorar\u00eda el valor del club sino har\u00eda que se llamar\u00e1 m\u00e1s la atenci\u00f3n de la FIFA, para organizar un Mundial en CONCACAF.<\/p>\n<p><strong>S\u00edguenos en Twitter<\/strong>: <a href=\"https:\/\/twitter.com\/MXFutbolTotal\" target=\"_blank\">@MXFutbolTotal<\/a><\/p>\n","protected":false},"excerpt":{"rendered":"<p>La Fiera luchar\u00e1 por una buena resoluci\u00f3n en disputa por el Nou Camp; pero busca alternativa\u2026<\/p>\n","protected":false},"author":20,"featured_media":466999,"comment_status":"closed","ping_status":"closed","sticky":false,"template":"","format":"standard","meta":[],"categories":[2198,3845],"tags":[5965],"_links":{"self":[{"href":"http:\/\/desarrollo.grupomedios.com\/futbol\/wp-json\/wp\/v2\/posts\/466995"}],"collection":[{"href":"http:\/\/desarrollo.grupomedios.com\/futbol\/wp-json\/wp\/v2\/posts"}],"about":[{"href":"http:\/\/desarrollo.grupomedios.com\/futbol\/wp-json\/wp\/v2\/types\/post"}],"author":[{"embeddable":true,"href":"http:\/\/desarrollo.grupomedios.com\/futbol\/wp-json\/wp\/v2\/users\/20"}],"replies":[{"embeddable":true,"href":"http:\/\/desarrollo.grupomedios.com\/futbol\/wp-json\/wp\/v2\/comments?post=466995"}],"version-history":[{"count":0,"href":"http:\/\/desarrollo.grupomedios.com\/futbol\/wp-json\/wp\/v2\/posts\/466995\/revisions"}],"wp:featuredmedia":[{"embeddable":true,"href":"http:\/\/desarrollo.grupomedios.com\/futbol\/wp-json\/wp\/v2\/media\/466999"}],"wp:attachment":[{"href":"http:\/\/desarrollo.grupomedios.com\/futbol\/wp-json\/wp\/v2\/media?parent=466995"}],"wp:term":[{"taxonomy":"category","embeddable":true,"href":"http:\/\/desarrollo.grupomedios.com\/futbol\/wp-json\/wp\/v2\/categories?post=466995"},{"taxonomy":"post_tag","embeddable":true,"href":"http:\/\/desarrollo.grupomedios.com\/futbol\/wp-json\/wp\/v2\/tags?post=466995"}],"curies":[{"name":"wp","href":"https:\/\/api.w.org\/{rel}","templated":true}]}}