{"id":467024,"date":"2017-03-08T15:52:01","date_gmt":"2017-03-08T21:52:01","guid":{"rendered":"https:\/\/www.futboltotal.com.mx\/?p=467024"},"modified":"2017-03-08T15:56:31","modified_gmt":"2017-03-08T21:56:31","slug":"critican-a-medio-deportivo-portada-en-dia-internacional-la-mujer","status":"publish","type":"post","link":"http:\/\/desarrollo.grupomedios.com\/futbol\/cambio-de-juego\/critican-a-medio-deportivo-portada-en-dia-internacional-la-mujer\/2017\/03","title":{"rendered":"\u00a1Critican a diario por portada en el D\u00eda Internacional de la Mujer!"},"content":{"rendered":"<p>El futbol argentino llevaba varias semanas en huelga debido a las protestas del gremio de futbolistas del balompi\u00e9 local, pero aparentemente llegaron a un acuerdo en v\u00edsperas del <strong>D\u00eda Internacional de la Mujer<\/strong>, por ello el <strong>diario Ol\u00e9<\/strong>, intent\u00f3 festejar ambas situaciones, con su portada del 8 de marzo de 2017.<\/p>\n<blockquote class=\"twitter-tweet\" data-lang=\"es\">\n<p dir=\"ltr\" lang=\"es\"><a href=\"https:\/\/twitter.com\/hashtag\/LaTapaDeOle?src=hash\">#LaTapaDeOle<\/a> | Mi\u00e9rcoles 8 de marzo <a href=\"https:\/\/t.co\/xcR1K092PC\">pic.twitter.com\/xcR1K092PC<\/a><\/p>\n<p>\u2014 Diario Ol\u00e9 (@DiarioOle) <a href=\"https:\/\/twitter.com\/DiarioOle\/status\/839438452282261505\">8 de marzo de 2017<\/a><\/p><\/blockquote>\n<p><script async src=\"\/\/platform.twitter.com\/widgets.js\" charset=\"utf-8\"><\/script><\/p>\n<p style=\"text-align: center;\"><span style=\"color: #3366ff;\"><a style=\"color: #3366ff;\" href=\"https:\/\/www.futboltotal.com.mx\/2017\/03\/dia-internacional-la-mujer-duenas-del-balon\/\" target=\"_blank\"><strong>LEER M\u00c1S: Las due\u00f1as del bal\u00f3n | Mujeres al mando del futbol<\/strong><\/a><\/span><\/p>\n<p>\u201c\u00a1C\u00f3mo no va a ser feliz chicas! Feliz d\u00eda para ustedes y para nosotros, para todos los que amamos la vida y el futbol \u00a1Miren esas sonrisas en la foto! Apareci\u00f3 la plata que faltaba, hoy se levanta el paro y la pelota vuelve a rodar \u00a1Jueguen!\u201d, la frase y las letras en rosas acompa\u00f1adas de sonrisas p\u00edcaras de varones, enojaron a los usuarios de redes sociales.<\/p>\n<blockquote class=\"twitter-tweet\" data-conversation=\"none\" data-lang=\"es\">\n<p dir=\"ltr\" lang=\"es\"><a href=\"https:\/\/twitter.com\/DiarioOle\">@DiarioOle<\/a> perd\u00f3n qu\u00e9 mierda quisieron hacer con esta tapa de mierda que ni gracia causa. PD: Son una mierda<\/p>\n<p>\u2014 Reina y cantinera (@OveggiItaliani) <a href=\"https:\/\/twitter.com\/OveggiItaliani\/status\/839457251664543744\">8 de marzo de 2017<\/a><\/p><\/blockquote>\n<p><script async src=\"\/\/platform.twitter.com\/widgets.js\" charset=\"utf-8\"><\/script><\/p>\n<blockquote class=\"twitter-tweet\" data-conversation=\"none\" data-lang=\"es\">\n<p dir=\"ltr\" lang=\"es\"><a href=\"https:\/\/twitter.com\/DiarioOle\">@DiarioOle<\/a> Son estupidos?<\/p>\n<p>\u2014 Namir (@namirita) <a href=\"https:\/\/twitter.com\/namirita\/status\/839456109438070784\">8 de marzo de 2017<\/a><\/p><\/blockquote>\n<p><script async src=\"\/\/platform.twitter.com\/widgets.js\" charset=\"utf-8\"><\/script><\/p>\n<blockquote class=\"twitter-tweet\" data-conversation=\"none\" data-lang=\"es\">\n<p dir=\"ltr\" lang=\"es\"><a href=\"https:\/\/twitter.com\/Florenceee\">@Florenceee<\/a> las letras rosas toy enbronkdisima<\/p>\n<p>\u2014 Carolo (@LaFleur_) <a href=\"https:\/\/twitter.com\/LaFleur_\/status\/839456714630053889\">8 de marzo de 2017<\/a><\/p><\/blockquote>\n<p><script async src=\"\/\/platform.twitter.com\/widgets.js\" charset=\"utf-8\"><\/script><\/p>\n<blockquote class=\"twitter-tweet\" data-conversation=\"none\" data-lang=\"es\">\n<p dir=\"ltr\" lang=\"es\"><a href=\"https:\/\/twitter.com\/DiarioOle\">@DiarioOle<\/a> &#8220;Feliz d\u00eda! Ahora que vuelve el fulbo no las vamo a fajar mas&#8221;. Imb\u00e9ciles<\/p>\n<p>\u2014 Mart\u00edn C\u00f3rdoba (@CordobaTincho) <a href=\"https:\/\/twitter.com\/CordobaTincho\/status\/839440475908091906\">8 de marzo de 2017<\/a><\/p><\/blockquote>\n<p><script async src=\"\/\/platform.twitter.com\/widgets.js\" charset=\"utf-8\"><\/script><\/p>\n<blockquote class=\"twitter-tweet\" data-conversation=\"none\" data-lang=\"es\">\n<p dir=\"ltr\" lang=\"es\"><a href=\"https:\/\/twitter.com\/DiarioOle\">@DiarioOle<\/a> terrible tapa&#8230; conmemorando un d\u00eda y ni siquiera mencionan a la mujer. Pobres tipos los que escribieron<\/p>\n<p>\u2014 Sofia Navarro (@SoffNavarro) <a href=\"https:\/\/twitter.com\/SoffNavarro\/status\/839452085284442113\">8 de marzo de 2017<\/a><\/p><\/blockquote>\n<p><script async src=\"\/\/platform.twitter.com\/widgets.js\" charset=\"utf-8\"><\/script><\/p>\n<p><strong>S\u00edguenos en Twitter<\/strong>: <a href=\"https:\/\/twitter.com\/MXFutbolTotal\" target=\"_blank\">@MXFutbolTotal<\/a><\/p>\n","protected":false},"excerpt":{"rendered":"<p>El diario Ol\u00e9 de Argentina intent\u00f3 sumarse a la tendencia de la celebraci\u00f3n, pero le sali\u00f3 mal.<\/p>\n","protected":false},"author":20,"featured_media":467026,"comment_status":"closed","ping_status":"closed","sticky":false,"template":"","format":"standard","meta":[],"categories":[5419],"tags":[5460,6869],"_links":{"self":[{"href":"http:\/\/desarrollo.grupomedios.com\/futbol\/wp-json\/wp\/v2\/posts\/467024"}],"collection":[{"href":"http:\/\/desarrollo.grupomedios.com\/futbol\/wp-json\/wp\/v2\/posts"}],"about":[{"href":"http:\/\/desarrollo.grupomedios.com\/futbol\/wp-json\/wp\/v2\/types\/post"}],"author":[{"embeddable":true,"href":"http:\/\/desarrollo.grupomedios.com\/futbol\/wp-json\/wp\/v2\/users\/20"}],"replies":[{"embeddable":true,"href":"http:\/\/desarrollo.grupomedios.com\/futbol\/wp-json\/wp\/v2\/comments?post=467024"}],"version-history":[{"count":0,"href":"http:\/\/desarrollo.grupomedios.com\/futbol\/wp-json\/wp\/v2\/posts\/467024\/revisions"}],"wp:featuredmedia":[{"embeddable":true,"href":"http:\/\/desarrollo.grupomedios.com\/futbol\/wp-json\/wp\/v2\/media\/467026"}],"wp:attachment":[{"href":"http:\/\/desarrollo.grupomedios.com\/futbol\/wp-json\/wp\/v2\/media?parent=467024"}],"wp:term":[{"taxonomy":"category","embeddable":true,"href":"http:\/\/desarrollo.grupomedios.com\/futbol\/wp-json\/wp\/v2\/categories?post=467024"},{"taxonomy":"post_tag","embeddable":true,"href":"http:\/\/desarrollo.grupomedios.com\/futbol\/wp-json\/wp\/v2\/tags?post=467024"}],"curies":[{"name":"wp","href":"https:\/\/api.w.org\/{rel}","templated":true}]}}