{"id":467088,"date":"2017-03-08T17:05:07","date_gmt":"2017-03-08T23:05:07","guid":{"rendered":"https:\/\/www.futboltotal.com.mx\/?p=467088"},"modified":"2017-03-08T17:11:52","modified_gmt":"2017-03-08T23:11:52","slug":"hackean-cuenta-portero-del-valencia-subir-fotos-grotescas","status":"publish","type":"post","link":"http:\/\/desarrollo.grupomedios.com\/futbol\/futbol-internacional\/hackean-cuenta-portero-del-valencia-subir-fotos-grotescas\/2017\/03","title":{"rendered":"Hackean cuenta de portero del Valencia para subir fotos grotescas"},"content":{"rendered":"<p>A trav\u00e9s de su cuenta de <strong>Instagram<\/strong>, <strong>Jaume Domenech<\/strong> public\u00f3 una historia en video, donde aparec\u00eda una fotograf\u00eda ofensiva y con una leyenda igual de obscena; lo que estremeci\u00f3 las redes sociales, ya que se trataba de una publicaci\u00f3n de \u00edndole sexual que pod\u00eda herir susceptibilidades.<\/p>\n<blockquote class=\"twitter-tweet\" data-lang=\"es\">\n<p dir=\"ltr\" lang=\"es\">no entiendo a qu\u00e9 se refiere el arquero de Valencia <a href=\"https:\/\/t.co\/jbrjzikI1n\">pic.twitter.com\/jbrjzikI1n<\/a><\/p>\n<p>\u2014 Marcos V\u00e1zquez (@mvzqz) <a href=\"https:\/\/twitter.com\/mvzqz\/status\/839603836855648261\">8 de marzo de 2017<\/a><\/p><\/blockquote>\n<p><script async src=\"\/\/platform.twitter.com\/widgets.js\" charset=\"utf-8\"><\/script><\/p>\n<p>Enseguida, mediante el mismo formato de historias, el cancerbero del <strong>Valencia<\/strong> denunci\u00f3 que hab\u00edan hackeado su perfil: \u201calguien se ha metido a mi cuenta de <strong>Instagram<\/strong> y ha empezado a mandar mensajes y fotos, no soy yo, cuando est\u00e9 solucionado os avisar\u00e9. Disculpen las molestias&#8221;.<\/p>\n<p style=\"text-align: center;\"><span style=\"color: #3366ff;\"><a style=\"color: #3366ff;\" href=\"https:\/\/www.futboltotal.com.mx\/2017\/03\/critican-a-medio-deportivo-portada-en-dia-internacional-la-mujer\/\" target=\"_blank\"><strong>LEER M\u00c1S: Critican a diario deportivo por portada en el D\u00eda Internacional de la Mujer<\/strong><\/a><\/span><\/p>\n<p>El mensaje fue transmitido tambi\u00e9n por Twitter, pero de forma instant\u00e1nea, la cuenta de <strong>Jaume Domenech<\/strong> fue inhabilitada, quiz\u00e1 por el mismo cancerbero, por un hacker, o por la red social.<\/p>\n<p><a href=\"https:\/\/www.futboltotal.com.mx\/wp-content\/uploads\/2017\/03\/twitter-jaume-domenech.jpg\"><img decoding=\"async\" loading=\"lazy\" class=\"alignnone size-full wp-image-467090\" src=\"https:\/\/www.futboltotal.com.mx\/wp-content\/uploads\/2017\/03\/twitter-jaume-domenech.jpg\" alt=\"Hackean cuenta de portero del Valencia para subir fotos grotescas 0\" srcset=\"http:\/\/desarrollo.grupomedios.com\/futbol\/wp-content\/uploads\/2017\/03\/twitter-jaume-domenech.jpg 1136w, http:\/\/desarrollo.grupomedios.com\/futbol\/wp-content\/uploads\/2017\/03\/twitter-jaume-domenech-300x169.jpg 300w, http:\/\/desarrollo.grupomedios.com\/futbol\/wp-content\/uploads\/2017\/03\/twitter-jaume-domenech-768x432.jpg 768w, http:\/\/desarrollo.grupomedios.com\/futbol\/wp-content\/uploads\/2017\/03\/twitter-jaume-domenech-1024x576.jpg 1024w, http:\/\/desarrollo.grupomedios.com\/futbol\/wp-content\/uploads\/2017\/03\/twitter-jaume-domenech-317x178.jpg 317w, http:\/\/desarrollo.grupomedios.com\/futbol\/wp-content\/uploads\/2017\/03\/twitter-jaume-domenech-535x301.jpg 535w, http:\/\/desarrollo.grupomedios.com\/futbol\/wp-content\/uploads\/2017\/03\/twitter-jaume-domenech-374x210.jpg 374w\" sizes=\"(max-width: 1136px) 100vw, 1136px\" \/><\/a><\/p>\n<p>S<strong>\u00edguenos en Twitter<\/strong>: <a href=\"https:\/\/twitter.com\/MXFutbolTotal\" target=\"_blank\">@MXFutbolTotal<\/a><\/p>\n","protected":false},"excerpt":{"rendered":"<p>Jaume Domenech hace denuncia en redes, tras publicarse una imagen ofensiva.<\/p>\n","protected":false},"author":20,"featured_media":467089,"comment_status":"closed","ping_status":"closed","sticky":false,"template":"","format":"standard","meta":[],"categories":[5419,3839,3844],"tags":[5460,87],"_links":{"self":[{"href":"http:\/\/desarrollo.grupomedios.com\/futbol\/wp-json\/wp\/v2\/posts\/467088"}],"collection":[{"href":"http:\/\/desarrollo.grupomedios.com\/futbol\/wp-json\/wp\/v2\/posts"}],"about":[{"href":"http:\/\/desarrollo.grupomedios.com\/futbol\/wp-json\/wp\/v2\/types\/post"}],"author":[{"embeddable":true,"href":"http:\/\/desarrollo.grupomedios.com\/futbol\/wp-json\/wp\/v2\/users\/20"}],"replies":[{"embeddable":true,"href":"http:\/\/desarrollo.grupomedios.com\/futbol\/wp-json\/wp\/v2\/comments?post=467088"}],"version-history":[{"count":0,"href":"http:\/\/desarrollo.grupomedios.com\/futbol\/wp-json\/wp\/v2\/posts\/467088\/revisions"}],"wp:featuredmedia":[{"embeddable":true,"href":"http:\/\/desarrollo.grupomedios.com\/futbol\/wp-json\/wp\/v2\/media\/467089"}],"wp:attachment":[{"href":"http:\/\/desarrollo.grupomedios.com\/futbol\/wp-json\/wp\/v2\/media?parent=467088"}],"wp:term":[{"taxonomy":"category","embeddable":true,"href":"http:\/\/desarrollo.grupomedios.com\/futbol\/wp-json\/wp\/v2\/categories?post=467088"},{"taxonomy":"post_tag","embeddable":true,"href":"http:\/\/desarrollo.grupomedios.com\/futbol\/wp-json\/wp\/v2\/tags?post=467088"}],"curies":[{"name":"wp","href":"https:\/\/api.w.org\/{rel}","templated":true}]}}