{"id":467178,"date":"2017-03-08T19:52:16","date_gmt":"2017-03-09T01:52:16","guid":{"rendered":"https:\/\/www.futboltotal.com.mx\/?p=467178"},"modified":"2017-03-08T19:52:16","modified_gmt":"2017-03-09T01:52:16","slug":"jared-borgetti-responde-tras-comentarios-vicky-tovar","status":"publish","type":"post","link":"http:\/\/desarrollo.grupomedios.com\/futbol\/futbol-mexicano\/jared-borgetti-responde-tras-comentarios-vicky-tovar\/2017\/03","title":{"rendered":"Jared Borgetti responde tras comentarios de Vicky Tovar"},"content":{"rendered":"<p>En el D\u00eda Internacional de la Mujer, la ex \u00e1rbitro mexicana, <strong>Vicky Tovar<\/strong>, revel\u00f3 que durante su carrera recibi\u00f3 insultos machistas de parte de varios futbolistas, entre los que destac\u00f3 a los ex seleccionados mexicanos, Cuauht\u00e9moc Blanco y <strong>Jared Borgetti<\/strong>.<\/p>\n<p>Ante ello,<strong> Jared Borgetti,\u00a0<\/strong>quien es reconocido por ser una persona formal y correcta, tanto desde su etapa de jugador como comentarista deportivo, respondi\u00f3 a trav\u00e9s de un comunicado emitido en su cuenta de Twitter, que la ex \u00e1rbitro debi\u00f3 de haberse confundido, pues \u00e9l jam\u00e1s se ha dirigido a nadie, hombre o mujer, de forma despectiva.<\/p>\n<p style=\"text-align: center;\"><span style=\"color: #3366ff;\"><a style=\"color: #3366ff;\" href=\"https:\/\/www.futboltotal.com.mx\/2017\/03\/ex-arbitro-vicky-tovar-recordo-misoginia-de-borgetti-y-otros-jugadores\/\" target=\"_blank\"><strong>LEER M\u00c1S: Las declaraciones de Vicky Tovar<\/strong><\/a><\/span><\/p>\n<blockquote class=\"twitter-tweet\" data-lang=\"es\">\n<p dir=\"ltr\" lang=\"und\"><a href=\"https:\/\/t.co\/fFbksQO50W\">pic.twitter.com\/fFbksQO50W<\/a><\/p>\n<p>\u2014 Jared Borgetti (@borgetti58) <a href=\"https:\/\/twitter.com\/borgetti58\/status\/839647179639672832\">9 de marzo de 2017<\/a><\/p><\/blockquote>\n<p><script async src=\"\/\/platform.twitter.com\/widgets.js\" charset=\"utf-8\"><\/script><\/p>\n<p><strong>S\u00edguenos en Twitter:<\/strong> <a href=\"https:\/\/twitter.com\/MXFutbolTotal\" target=\"_blank\">@MXFutbolTotal<\/a><\/p>\n","protected":false},"excerpt":{"rendered":"<p>\u201cSe debi\u00f3 de haber confundido\u201d, indica el exfutbolista.<\/p>\n","protected":false},"author":20,"featured_media":467183,"comment_status":"closed","ping_status":"closed","sticky":false,"template":"","format":"standard","meta":[],"categories":[5419,2198,3845],"tags":[5460,6869,64],"_links":{"self":[{"href":"http:\/\/desarrollo.grupomedios.com\/futbol\/wp-json\/wp\/v2\/posts\/467178"}],"collection":[{"href":"http:\/\/desarrollo.grupomedios.com\/futbol\/wp-json\/wp\/v2\/posts"}],"about":[{"href":"http:\/\/desarrollo.grupomedios.com\/futbol\/wp-json\/wp\/v2\/types\/post"}],"author":[{"embeddable":true,"href":"http:\/\/desarrollo.grupomedios.com\/futbol\/wp-json\/wp\/v2\/users\/20"}],"replies":[{"embeddable":true,"href":"http:\/\/desarrollo.grupomedios.com\/futbol\/wp-json\/wp\/v2\/comments?post=467178"}],"version-history":[{"count":0,"href":"http:\/\/desarrollo.grupomedios.com\/futbol\/wp-json\/wp\/v2\/posts\/467178\/revisions"}],"wp:featuredmedia":[{"embeddable":true,"href":"http:\/\/desarrollo.grupomedios.com\/futbol\/wp-json\/wp\/v2\/media\/467183"}],"wp:attachment":[{"href":"http:\/\/desarrollo.grupomedios.com\/futbol\/wp-json\/wp\/v2\/media?parent=467178"}],"wp:term":[{"taxonomy":"category","embeddable":true,"href":"http:\/\/desarrollo.grupomedios.com\/futbol\/wp-json\/wp\/v2\/categories?post=467178"},{"taxonomy":"post_tag","embeddable":true,"href":"http:\/\/desarrollo.grupomedios.com\/futbol\/wp-json\/wp\/v2\/tags?post=467178"}],"curies":[{"name":"wp","href":"https:\/\/api.w.org\/{rel}","templated":true}]}}