{"id":467341,"date":"2017-03-08T22:56:51","date_gmt":"2017-03-09T04:56:51","guid":{"rendered":"https:\/\/www.futboltotal.com.mx\/?p=467341"},"modified":"2017-03-09T07:28:46","modified_gmt":"2017-03-09T13:28:46","slug":"resultado-copa-mx-necaxa-1-3-santos","status":"publish","type":"post","link":"http:\/\/desarrollo.grupomedios.com\/futbol\/destacado-home\/resultado-copa-mx-necaxa-1-3-santos\/2017\/03","title":{"rendered":"Santos obliga a los Rayos a pensar \u00fanicamente en la salvaci\u00f3n"},"content":{"rendered":"<p>En el estadio Victoria, Necaxa recibi\u00f3 a Santos para encarar su partido de Octavos de Final de Copa MX, donde, en los visitantes propusieron el juego, pero Yosgart Guti\u00e9rrez se mostr\u00f3 implacable en la meta rojiblanca, para hacerles dif\u00edcil el pase a los Guerreros.<\/p>\n<p>Los rojiblancos tuvieron un par de opciones en el arranque del juego pero enseguida, el control del juego fue de los Guerreros, quienes comenzaron a apedrear la caba\u00f1a rojiblanca, pero sin poder marcar, gracias a Yosgart Guti\u00e9rrez, hasta que Diego de Buen pudo abrir el marcador.<\/p>\n<blockquote class=\"twitter-video\" data-lang=\"es\">\n<p dir=\"ltr\" lang=\"es\"><a href=\"https:\/\/twitter.com\/hashtag\/PorSiNoLoViste?src=hash\">#PorSiNoLoViste<\/a> G\u26bd\u26bd\u26bdL de Diego de Buen<a href=\"https:\/\/twitter.com\/ClubNecaxa\">@ClubNecaxa<\/a> 0-1 <a href=\"https:\/\/twitter.com\/ClubSantos\">@ClubSantos<\/a> <a href=\"https:\/\/twitter.com\/hashtag\/8vosDeFinal?src=hash\">#8vosDeFinal<\/a> <a href=\"https:\/\/twitter.com\/hashtag\/CopaCoronaMX?src=hash\">#CopaCoronaMX<\/a> &#x1f3c6;<br \/>\n\u26bd <a href=\"https:\/\/twitter.com\/hashtag\/SienteTuLiga?src=hash\">#SienteTuLiga<\/a> \u26bd <a href=\"https:\/\/twitter.com\/hashtag\/Mi%C3%A9rcolesDeFut?src=hash\">#Mi\u00e9rcolesDeFut<\/a> <a href=\"https:\/\/t.co\/Hpw4LnOWx2\">pic.twitter.com\/Hpw4LnOWx2<\/a><\/p>\n<p>\u2014 #CopaCoronaMX (@CopaCoronaMx) <a href=\"https:\/\/twitter.com\/CopaCoronaMx\/status\/839680685568831491\">9 de marzo de 2017<\/a><\/p><\/blockquote>\n<p><script async src=\"\/\/platform.twitter.com\/widgets.js\" charset=\"utf-8\"><\/script><\/p>\n<p>Pero apenas corr\u00eda un minuto de que Santos hab\u00eda tomado ventaja, cuando el \u00e1rbitro se\u00f1al\u00f3 un penal a favor del Necaxa, mismo que Maximiliano Barreiro se encarg\u00f3 de ejecutar, para igualar el marcador. El cancerbero de los Rayos se mantuvo como figura rojiblanca, al atajar varios disparos de Diego de Buen, quien fue el mejor hombre de la visita, debido a sus acciones al ataque y en ayuda a la defensa.<\/p>\n<blockquote class=\"twitter-video\" data-lang=\"es\">\n<p dir=\"ltr\" lang=\"pt\"><a href=\"https:\/\/twitter.com\/hashtag\/PorSiNoLoViste?src=hash\">#PorSiNoLoViste<\/a> G\u26bd\u26bd\u26bdL de Maximiliano Barreiro<a href=\"https:\/\/twitter.com\/ClubNecaxa\">@ClubNecaxa<\/a> 1-1 <a href=\"https:\/\/twitter.com\/ClubSantos\">@ClubSantos<\/a> <a href=\"https:\/\/twitter.com\/hashtag\/8vosDeFinal?src=hash\">#8vosDeFinal<\/a> <a href=\"https:\/\/twitter.com\/hashtag\/CopaCoronaMX?src=hash\">#CopaCoronaMX<\/a> &#x1f3c6;<br \/>\n\u26bd <a href=\"https:\/\/twitter.com\/hashtag\/SienteTuLiga?src=hash\">#SienteTuLiga<\/a> \u26bd <a href=\"https:\/\/twitter.com\/hashtag\/Mi%C3%A9rcolesDeFut?src=hash\">#Mi\u00e9rcolesDeFut<\/a> <a href=\"https:\/\/t.co\/roSXT8cqC8\">pic.twitter.com\/roSXT8cqC8<\/a><\/p>\n<p>\u2014 #CopaCoronaMX (@CopaCoronaMx) <a href=\"https:\/\/twitter.com\/CopaCoronaMx\/status\/839682644224917504\">9 de marzo de 2017<\/a><\/p><\/blockquote>\n<p><script async src=\"\/\/platform.twitter.com\/widgets.js\" charset=\"utf-8\"><\/script><\/p>\n<p>En la parte complementaria, los Rayos ya no pudieron contener el ataque de los Guerreros, en gran medida porque las modificaciones de Jos\u00e9 Manuel de la Torre fueron para potenciar la ofensiva, por lo que Jonathan Rodr\u00edguez encontr\u00f3 el 1-2.<\/p>\n<blockquote class=\"twitter-video\" data-lang=\"es\">\n<p dir=\"ltr\" lang=\"und\"><a href=\"https:\/\/twitter.com\/hashtag\/PorSiNoLoViste?src=hash\">#PorSiNoLoViste<\/a> G\u26bd\u26bd\u26bdL de Jonathan Rodr\u00edguez<a href=\"https:\/\/twitter.com\/ClubNecaxa\">@ClubNecaxa<\/a> 1-2 <a href=\"https:\/\/twitter.com\/ClubSantos\">@ClubSantos<\/a> <a href=\"https:\/\/twitter.com\/hashtag\/8vosDeFinal?src=hash\">#8vosDeFinal<\/a> <a href=\"https:\/\/twitter.com\/hashtag\/CopaCoronaMX?src=hash\">#CopaCoronaMX<\/a> &#x1f3c6;<br \/>\n\u26bd <a href=\"https:\/\/twitter.com\/hashtag\/SienteTuLiga?src=hash\">#SienteTuLiga<\/a> \u26bd <a href=\"https:\/\/twitter.com\/hashtag\/Mi%C3%A9rcolesDeFut?src=hash\">#Mi\u00e9rcolesDeFut<\/a> <a href=\"https:\/\/t.co\/85Rm9Ro0Bo\">pic.twitter.com\/85Rm9Ro0Bo<\/a><\/p>\n<p>\u2014 #CopaCoronaMX (@CopaCoronaMx) <a href=\"https:\/\/twitter.com\/CopaCoronaMx\/status\/839695723537043457\">9 de marzo de 2017<\/a><\/p><\/blockquote>\n<p><script async src=\"\/\/platform.twitter.com\/widgets.js\" charset=\"utf-8\"><\/script><\/p>\n<p>En la recta final del encuentro, Julio Furch concret\u00f3 un buen partido, sumando un tanto a su cuenta y finiquitando la clasificaci\u00f3n, para de paso obligar a los Rayos a pensar \u00fanicamente en su salvaci\u00f3n.<\/p>\n<blockquote class=\"twitter-video\" data-lang=\"es\">\n<p dir=\"ltr\" lang=\"de\"><a href=\"https:\/\/twitter.com\/hashtag\/PorSiNoLoViste?src=hash\">#PorSiNoLoViste<\/a> G\u26bd\u26bd\u26bdL de Julio Furch<a href=\"https:\/\/twitter.com\/ClubNecaxa\">@ClubNecaxa<\/a> 1-3 <a href=\"https:\/\/twitter.com\/ClubSantos\">@ClubSantos<\/a> <a href=\"https:\/\/twitter.com\/hashtag\/8vosDeFinal?src=hash\">#8vosDeFinal<\/a> <a href=\"https:\/\/twitter.com\/hashtag\/CopaCoronaMX?src=hash\">#CopaCoronaMX<\/a> &#x1f3c6;<br \/>\n\u26bd <a href=\"https:\/\/twitter.com\/hashtag\/SienteTuLiga?src=hash\">#SienteTuLiga<\/a> \u26bd <a href=\"https:\/\/twitter.com\/hashtag\/Mi%C3%A9rcolesDeFut?src=hash\">#Mi\u00e9rcolesDeFut<\/a> <a href=\"https:\/\/t.co\/z4OZFg57G6\">pic.twitter.com\/z4OZFg57G6<\/a><\/p>\n<p>\u2014 #CopaCoronaMX (@CopaCoronaMx) <a href=\"https:\/\/twitter.com\/CopaCoronaMx\/status\/839698488476721153\">9 de marzo de 2017<\/a><\/p><\/blockquote>\n<p><script async src=\"\/\/platform.twitter.com\/widgets.js\" charset=\"utf-8\"><\/script><\/p>\n<p>Alineaciones:<\/p>\n<p>Necaxa: Guti\u00e9rrez; Ch\u00e1vez, Mc Eachen, Gonz\u00e1lez, Meza; Riolfo (Ch\u00e1vez, 62\u2019), Isijara (Maturana, 60\u2019), S\u00e1nchez, Barreiro; Esp\u00edndola, D\u00edaz. DT. Sosa.<\/p>\n<p>Santos: Orozco; Abella, Araujo, Izquierdoz, Flores; De Buen, Sandoval, Cuero, D\u00e1vila; Furch, Cuero (Rodr\u00edguez, 52\u2019). DT. De la Torre.<\/p>\n<p style=\"text-align: center;\"><span style=\"color: #3366ff;\"><a style=\"color: #3366ff;\" href=\"https:\/\/www.futboltotal.com.mx\/2017\/03\/en-vivo-necaxa-vs-santos-copa-mx\/\" target=\"_blank\"><strong>LEER M\u00c1S: AS\u00cd SE VIVI\u00d3 | Necaxa 1-3 Santos<\/strong><\/a><\/span><\/p>\n","protected":false},"excerpt":{"rendered":"<p>Los Rayos siguen con complicaciones; ahora se despiden de la Copa.<\/p>\n","protected":false},"author":20,"featured_media":467356,"comment_status":"closed","ping_status":"closed","sticky":false,"template":"","format":"standard","meta":[],"categories":[4247,5,2198],"tags":[261,5972],"_links":{"self":[{"href":"http:\/\/desarrollo.grupomedios.com\/futbol\/wp-json\/wp\/v2\/posts\/467341"}],"collection":[{"href":"http:\/\/desarrollo.grupomedios.com\/futbol\/wp-json\/wp\/v2\/posts"}],"about":[{"href":"http:\/\/desarrollo.grupomedios.com\/futbol\/wp-json\/wp\/v2\/types\/post"}],"author":[{"embeddable":true,"href":"http:\/\/desarrollo.grupomedios.com\/futbol\/wp-json\/wp\/v2\/users\/20"}],"replies":[{"embeddable":true,"href":"http:\/\/desarrollo.grupomedios.com\/futbol\/wp-json\/wp\/v2\/comments?post=467341"}],"version-history":[{"count":0,"href":"http:\/\/desarrollo.grupomedios.com\/futbol\/wp-json\/wp\/v2\/posts\/467341\/revisions"}],"wp:featuredmedia":[{"embeddable":true,"href":"http:\/\/desarrollo.grupomedios.com\/futbol\/wp-json\/wp\/v2\/media\/467356"}],"wp:attachment":[{"href":"http:\/\/desarrollo.grupomedios.com\/futbol\/wp-json\/wp\/v2\/media?parent=467341"}],"wp:term":[{"taxonomy":"category","embeddable":true,"href":"http:\/\/desarrollo.grupomedios.com\/futbol\/wp-json\/wp\/v2\/categories?post=467341"},{"taxonomy":"post_tag","embeddable":true,"href":"http:\/\/desarrollo.grupomedios.com\/futbol\/wp-json\/wp\/v2\/tags?post=467341"}],"curies":[{"name":"wp","href":"https:\/\/api.w.org\/{rel}","templated":true}]}}