{"id":467387,"date":"2017-03-09T07:50:06","date_gmt":"2017-03-09T13:50:06","guid":{"rendered":"https:\/\/www.futboltotal.com.mx\/?p=467387"},"modified":"2017-03-09T07:50:06","modified_gmt":"2017-03-09T13:50:06","slug":"xabi-alonso-anuncia-retiro","status":"publish","type":"post","link":"http:\/\/desarrollo.grupomedios.com\/futbol\/futbol-internacional\/xabi-alonso-anuncia-retiro\/2017\/03","title":{"rendered":"\u00a1Xabi Alonso anuncia su retiro!"},"content":{"rendered":"<p>El centrocampista del Bayern M\u00fanich, <strong>Xabi Alonso, <\/strong>confirm\u00f3 este jueves su retiro al final de la presente temporada.<\/p>\n<p>&#8220;Lo he vivido. Lo he amado. La despedida de un juego precioso.&#8221;, escribi\u00f3 en Twitter Xabi Alonso, junto a una foto en blanco y negro en la que saluda, de espaldas, con las botas en la mano.<\/p>\n<p style=\"text-align: center;\"><span style=\"color: #3366ff;\">LEER M\u00c1S: Todas las noticias de futbol mexicano<\/span><\/p>\n<blockquote class=\"twitter-tweet\" data-lang=\"es\">\n<p dir=\"ltr\" lang=\"en\">Lived it. Loved it.<\/p>\n<p>Farewell beautiful game. <a href=\"https:\/\/t.co\/1aSN7GGNzZ\">pic.twitter.com\/1aSN7GGNzZ<\/a><\/p>\n<p>\u2014 Xabi Alonso (@XabiAlonso) <a href=\"https:\/\/twitter.com\/XabiAlonso\/status\/839777479426510848\">9 de marzo de 2017<\/a><\/p><\/blockquote>\n<p><script async src=\"\/\/platform.twitter.com\/widgets.js\" charset=\"utf-8\"><\/script><\/p>\n<p>Alonso, de 35 a\u00f1os, se form\u00f3 en el Antiguoko K.E., de San Sebasti\u00e1n, y milit\u00f3 en las categor\u00edas inferiores de la Real Sociedad, con quien debut\u00f3 en Primera Divisi\u00f3n, en la temporada 2000-01, tras ser repescado del Eibar, al que hab\u00eda sido cedido. Liverpool (2004-09), Real Madrid (2009-15) y Bayern M\u00fanich (2015-17) jalonaron su trayectoria.<\/p>\n<p>En sus dieciocho temporadas como profesional lo ha ganado todo:<\/p>\n<p>Un Mundial (2010) y 2 Eurocopas con la selecci\u00f3n espa\u00f1ola (2008 y 2012).<\/p>\n<p>Con el Real Madrid, conquist\u00f3 1 Liga espa\u00f1ola (2012), 2 Copas del Rey (2011 y 2014), 1 Liga de Campeones (2014), 1 Supercopa de Espa\u00f1a (2012) y 1 Supercopa de Europa (2014).<\/p>\n<p>Con el Liverpool, 1 Liga de Campeones (2005), 1 Supercopa de Europa (2005), 1 Copa de Inglaterra (2006) y 1 Copa de la Liga (2006).<\/p>\n<p>Y finalmente, con el Bayern, 2 Bundesligas (2015 y 16), 1 Copa de Alemania (2016) y 1 Supercopa de Alemania (2016).<\/p>\n<p>El centrocampista comunic\u00f3 su decisi\u00f3n a la directiva del club b\u00e1varo al t\u00e9rmino de la concentraci\u00f3n de invierno que llev\u00f3 a cabo el Bayern durante la pausa de la Bundesliga, seg\u00fan public\u00f3 en enero el semanario alem\u00e1n<em> Sport Bild.<\/em><\/p>\n<p>El campe\u00f3n alem\u00e1n le hab\u00eda planteado una renovaci\u00f3n por un a\u00f1o m\u00e1s, siguiendo el modelo que ha aplicado con Arjen Roben y Franck Ribery y, aun as\u00ed, le dej\u00f3 abierta la puerta en el caso de que cambiase de opini\u00f3n, puesto que es un jugador vital en los planes del t\u00e9cnico Carlo Ancelotti.<\/p>\n<p><strong>Xabi Alonso<\/strong>, sin embargo, ha decidido anunciar su adi\u00f3s con el Bayern l\u00edder de la Bundesliga y tras lograr la clasificaci\u00f3n a los cuartos de final de la Liga de Campeones, despu\u00e9s de aplastar al Arsenal por un total de 10-2 en la eliminatoria.<\/p>\n","protected":false},"excerpt":{"rendered":"<p>Tras 17 a\u00f1os como profesional, el centrocampista anunci\u00f3 el fin de su carrera.<\/p>\n","protected":false},"author":20,"featured_media":467389,"comment_status":"closed","ping_status":"closed","sticky":false,"template":"","format":"standard","meta":[],"categories":[3839,6822,5951],"tags":[1618],"_links":{"self":[{"href":"http:\/\/desarrollo.grupomedios.com\/futbol\/wp-json\/wp\/v2\/posts\/467387"}],"collection":[{"href":"http:\/\/desarrollo.grupomedios.com\/futbol\/wp-json\/wp\/v2\/posts"}],"about":[{"href":"http:\/\/desarrollo.grupomedios.com\/futbol\/wp-json\/wp\/v2\/types\/post"}],"author":[{"embeddable":true,"href":"http:\/\/desarrollo.grupomedios.com\/futbol\/wp-json\/wp\/v2\/users\/20"}],"replies":[{"embeddable":true,"href":"http:\/\/desarrollo.grupomedios.com\/futbol\/wp-json\/wp\/v2\/comments?post=467387"}],"version-history":[{"count":0,"href":"http:\/\/desarrollo.grupomedios.com\/futbol\/wp-json\/wp\/v2\/posts\/467387\/revisions"}],"wp:featuredmedia":[{"embeddable":true,"href":"http:\/\/desarrollo.grupomedios.com\/futbol\/wp-json\/wp\/v2\/media\/467389"}],"wp:attachment":[{"href":"http:\/\/desarrollo.grupomedios.com\/futbol\/wp-json\/wp\/v2\/media?parent=467387"}],"wp:term":[{"taxonomy":"category","embeddable":true,"href":"http:\/\/desarrollo.grupomedios.com\/futbol\/wp-json\/wp\/v2\/categories?post=467387"},{"taxonomy":"post_tag","embeddable":true,"href":"http:\/\/desarrollo.grupomedios.com\/futbol\/wp-json\/wp\/v2\/tags?post=467387"}],"curies":[{"name":"wp","href":"https:\/\/api.w.org\/{rel}","templated":true}]}}