{"id":467397,"date":"2017-03-09T09:44:56","date_gmt":"2017-03-09T15:44:56","guid":{"rendered":"https:\/\/www.futboltotal.com.mx\/?p=467397"},"modified":"2017-03-09T09:44:56","modified_gmt":"2017-03-09T15:44:56","slug":"talavera-arremete-contra-arbitraje","status":"publish","type":"post","link":"http:\/\/desarrollo.grupomedios.com\/futbol\/futbol-mexicano\/talavera-arremete-contra-arbitraje\/2017\/03","title":{"rendered":"Talavera arremete contra el arbitraje"},"content":{"rendered":"<p><strong>Alfredo Talavera<\/strong>\u00a0no pudo hacer nada para evitar la eliminaci\u00f3n en penales de los <em>Diablos<\/em> a manos del Morelia en los Cuartos de Final de Copa MX. El portero acab\u00f3 frustrado y no dud\u00f3 en llamar loco al \u00e1rbitro Miguel \u00c1ngel Flores, despu\u00e9s de que lo expulsara por reclamar en la agon\u00eda del partido.<\/p>\n<p>Al t\u00e9rmino del partido, <strong>Talavera\u00a0<\/strong>cont\u00f3 que fue lo que ocurri\u00f3 y qu\u00e9 le dijo al juez central al minuto 83, despu\u00e9s de que corriera hasta el mediocampo para protestar por la expulsi\u00f3n de su compa\u00f1ero Jes\u00fas M\u00e9ndez.<\/p>\n<p style=\"text-align: center;\"><a href=\"https:\/\/www.futboltotal.com.mx\/futbol-mexicano\/\"><span style=\"color: #3366ff;\">LEER M\u00c1S: Todas las noticias de futbol mexicano<\/span><\/a><\/p>\n<blockquote>\n<p style=\"text-align: left;\">&#8220;Fue un desorden arbitral en todos los aspectos. Este se\u00f1or est\u00e1 loco, sin duda&#8221;, dij\u00f3 Talavera, quien agreg\u00f3: &#8220;Triverio estaba cuando me acerqu\u00e9 por ser el capit\u00e1n del equipo y le dije al \u00e1rbitro: &#8216;\u00bfviste, profe?, fue todo y luego hubo roja tambi\u00e9n para Triverio por reclamar.&#8221;<\/p>\n<p style=\"text-align: left;\">&#8220;Fue la Comisi\u00f3n de Arbitraje al club para decirnos que se iban a hacerlas cosas mejores y \u00a0pasa esto. \u00c9ste silbante hasta nos retaba, le dec\u00edamos que ya no iba a pitar y dec\u00eda &#8216;v\u00e1s a ver que s\u00ed voy a pitar'&#8221;, afirm\u00f3 Talavera.<\/p>\n<\/blockquote>\n<p><strong>Talavera<\/strong> consider\u00f3 que &#8220;hay una persecuci\u00f3n total contra Toluca. Este partido es un ejemplo&#8221; y asegur\u00f3 que tambi\u00e9n hay una persecuci\u00f3n contra Sambueza, porque la Comisi\u00f3n est\u00e1 revisando no se cu\u00e1ntas cosas y lo que deben checar son los \u00e1rbitros&#8221;.<\/p>\n<p><strong>S\u00edguenos en Twitter<\/strong>: <a href=\"https:\/\/twitter.com\/MXFutbolTotal\" target=\"_blank\">@MXFutbolTotal<\/a><\/p>\n","protected":false},"excerpt":{"rendered":"<p>El portero habl\u00f3 tras ser expulsado y asegur\u00f3 que hay una persecuci\u00f3n contra el Toluca.<\/p>\n","protected":false},"author":20,"featured_media":467401,"comment_status":"closed","ping_status":"closed","sticky":false,"template":"","format":"standard","meta":[],"categories":[2198,3845],"tags":[1617,5975],"_links":{"self":[{"href":"http:\/\/desarrollo.grupomedios.com\/futbol\/wp-json\/wp\/v2\/posts\/467397"}],"collection":[{"href":"http:\/\/desarrollo.grupomedios.com\/futbol\/wp-json\/wp\/v2\/posts"}],"about":[{"href":"http:\/\/desarrollo.grupomedios.com\/futbol\/wp-json\/wp\/v2\/types\/post"}],"author":[{"embeddable":true,"href":"http:\/\/desarrollo.grupomedios.com\/futbol\/wp-json\/wp\/v2\/users\/20"}],"replies":[{"embeddable":true,"href":"http:\/\/desarrollo.grupomedios.com\/futbol\/wp-json\/wp\/v2\/comments?post=467397"}],"version-history":[{"count":0,"href":"http:\/\/desarrollo.grupomedios.com\/futbol\/wp-json\/wp\/v2\/posts\/467397\/revisions"}],"wp:featuredmedia":[{"embeddable":true,"href":"http:\/\/desarrollo.grupomedios.com\/futbol\/wp-json\/wp\/v2\/media\/467401"}],"wp:attachment":[{"href":"http:\/\/desarrollo.grupomedios.com\/futbol\/wp-json\/wp\/v2\/media?parent=467397"}],"wp:term":[{"taxonomy":"category","embeddable":true,"href":"http:\/\/desarrollo.grupomedios.com\/futbol\/wp-json\/wp\/v2\/categories?post=467397"},{"taxonomy":"post_tag","embeddable":true,"href":"http:\/\/desarrollo.grupomedios.com\/futbol\/wp-json\/wp\/v2\/tags?post=467397"}],"curies":[{"name":"wp","href":"https:\/\/api.w.org\/{rel}","templated":true}]}}