{"id":467429,"date":"2017-03-09T11:28:00","date_gmt":"2017-03-09T17:28:00","guid":{"rendered":"https:\/\/www.futboltotal.com.mx\/?p=467429"},"modified":"2017-03-09T11:37:56","modified_gmt":"2017-03-09T17:37:56","slug":"sergi-roberto-se-unio-al-club-los-goles-inolvidables-del-barcelona","status":"publish","type":"post","link":"http:\/\/desarrollo.grupomedios.com\/futbol\/destacado-home\/sergi-roberto-se-unio-al-club-los-goles-inolvidables-del-barcelona\/2017\/03","title":{"rendered":"Sergi Roberto se uni\u00f3 al club de los goles inolvidables del Bar\u00e7a"},"content":{"rendered":"<p>Solo tiene 25 a\u00f1os, pero podr\u00eda retirarse ma\u00f1ana y ser recordado, para siempre, como uno de los h\u00e9roes del imaginario del Barcelona. <a href=\"https:\/\/www.futboltotal.com.mx\/2017\/03\/hazana-cule-el-barcelona-remonta-al-psg-para-ir-a-cuartos\/\"><strong>Sergi Roberto<\/strong> marc\u00f3 ante el <strong>PSG<\/strong> el gol de su vida<\/a>, el tanto del a\u00f1o, el 6-1 que certificaba, en el \u00faltimo suspiro, la remontada m\u00e1s sorprendente y brutal jam\u00e1s vista en la historia del f\u00fatbol.<\/p>\n<p>&#8220;Me he tirado con todo a por el bal\u00f3n&#8221;, reconoc\u00eda el jugador de Reus (Tarragona) al final de un noche de Champions que el Camp Nou ya no olvidar\u00e1 jam\u00e1s.<\/p>\n<p>&nbsp;<\/p>\n<blockquote class=\"twitter-video\" data-lang=\"es\">\n<p dir=\"ltr\" lang=\"es\">GRACIAS SERGI ROBERTO, GRACIAS EQUIPO. <a href=\"https:\/\/t.co\/s1hleaeuQK\">pic.twitter.com\/s1hleaeuQK<\/a><\/p>\n<p>\u2014 Sempre_Cules (@Sempre_Cules1) <a href=\"https:\/\/twitter.com\/Sempre_Cules1\/status\/839595166633717763\">8 de marzo de 2017<\/a><\/p><\/blockquote>\n<p><script async src=\"\/\/platform.twitter.com\/widgets.js\" charset=\"utf-8\"><\/script><\/p>\n<p>Y es que Sergi Roberto ya forma parte de un club legendario, el de los <em>Torito<\/em> Zuvir\u00eda, <em>Pichi<\/em> Alonso, Jos\u00e9 Mari Bakero, Ronald Koeman, Juan Antonio Pizzi, Rivaldo, Juliano Belletti o Andr\u00e9s Iniesta. Todos ellos fueron, durante una noche m\u00e1gica, los h\u00e9roes del Bar\u00e7a.<\/p>\n<p><strong><em>TORITO<\/em>\u00a0ZUVIR\u00cdA (1978)<\/strong><br \/>\nZuvir\u00eda vivi\u00f3 su gran noche el 1 de noviembre de 1978. El d\u00eda de Todos los Santos, en la vuelta de los octavos de final de la Recopa de Europa, el Barcelona recib\u00eda al vigente campe\u00f3n del torneo, el Anderlecht, con una misi\u00f3n casi imposible: remontar el 3-0 que hab\u00eda encajado en Bruselas.<\/p>\n<p>Un Camp Nou desatado vivir\u00eda su primera gran remontada, con Zuvir\u00eda robando un bal\u00f3n en el centro del campo y recorriendo 40 metros en solitario para marcar un golazo que llevar\u00eda el partido a la pr\u00f3rroga. El Bar\u00e7a pasar\u00eda en la tanda de penaltis y, meses despu\u00e9s, levantar\u00eda su primera Recopa, contra el Fortuna D\u00fcsseldorf (4-3), en la m\u00edtica final de Basilea.<br \/>\n<iframe loading=\"lazy\" src=\"https:\/\/www.youtube.com\/embed\/jI2xZpx9TEQ?ecver=1\" frameborder=\"0\" allowfullscreen=\"allowfullscreen\"><\/iframe><\/p>\n<p><strong><em>PICHI<\/em> ALONSO (1986)<\/strong><\/p>\n<p>El 16 de abril de 1986 fue la noche de <em>Pichi<\/em> Alonso, que firm\u00f3 un &#8216;hat-trick&#8217; en el Camp Nou que igualaba el 3-0 que el G\u00f6teborg sueco le hab\u00eda endosado al Barcelona de Terry Venables, en la ida de las semifinales de la Copa de Europa. Los azulgranas acabaron pasando, de nuevo, en la tanda de penaltis, aunque cayeron -tambi\u00e9n en el lanzamiento de penas m\u00e1ximas- en la triste final de Sevilla ante el Steaua de Bucarest.<\/p>\n<p><iframe loading=\"lazy\" src=\"https:\/\/www.youtube.com\/embed\/A1Ef19us99s?ecver=1\" frameborder=\"0\" allowfullscreen=\"allowfullscreen\"><\/iframe><\/p>\n<p style=\"text-align: center;\"><a href=\"https:\/\/www.futboltotal.com.mx\/2017\/03\/messi-pareja-atrapados-en-camp-nou-tras-la-remontada\/\">VER M\u00c1S: MESSI Y ANTONELLA, ATRAPADOS EN EL CAMP NOU TRAS LA REMONTADA<\/a><\/p>\n<p><strong>JOS\u00c9 MARI BAKERO\u00a0(1991)<\/strong><\/p>\n<p>No menos recordado es el cabezazo de Jos\u00e9 Mari Bakero en el Fritz Walter Stadion de Kaiserslautern en aquel 6 de noviembre de 1991. El Bar\u00e7a, que hab\u00eda ganado 2-0 en la ida de los octavos de final de la \u00faltima Copa de Europa, estaba perdiendo por 3-0 cuando el mediapunta vasco se elev\u00f3 por encima de las torres alemanas para marcar, de cabeza, un gol salvador en el minuto 90 de partido.<\/p>\n<p>Sin aquel &#8216;milagro&#8217; de Bakero, que permiti\u00f3 al Barcelona ganar su primera Copa de Europa, probablemente el &#8216;Dream Team&#8217; de Johan Cruyff no ser\u00eda recordado hoy d\u00eda como uno de los grandes equipos que ha dado el f\u00fatbol moderno.<\/p>\n<p><iframe loading=\"lazy\" src=\"https:\/\/www.youtube.com\/embed\/NRxkpzOxeo4?ecver=1\" frameborder=\"0\" allowfullscreen=\"allowfullscreen\"><\/iframe><\/p>\n<p><strong>RONALD KOEMAN (1992)<\/strong><\/p>\n<p>Koeman tomar\u00eda el testigo de Bakero seis meses despu\u00e9s, el 20 de mayo de 1992, en la final contra la Sampdoria italiana. Su golazo de falta en el minuto 111 de la pr\u00f3rroga ser\u00e1 tan recordado como el &#8220;salid ah\u00ed y disfrutad&#8221; que Cruyff les dijo a sus jugadores antes de pisar al c\u00e9sped del Estadio de Wembley.<\/p>\n<p><iframe loading=\"lazy\" src=\"https:\/\/www.youtube.com\/embed\/q_zRwnaXaNs?ecver=1\" frameborder=\"0\" allowfullscreen=\"allowfullscreen\"><\/iframe><\/p>\n<p><strong>JUAN ANTONIO PIZZI (1997)<\/strong><\/p>\n<p>Pero si de remontadas se trata, la que vivi\u00f3 el Camp Nou el 12 de marzo de 1997 en los cuartos de final de la Copa del Rey fue una de las m\u00e1s incre\u00edbles y sorprendentes.<\/p>\n<p>El Atl\u00e9tico de Madrid goleaba a los azulgranas 0-3 al descanso, pero el choque dio un vuelco total en la segunda parte, con un Bar\u00e7a desatado que desfond\u00f3 a los rojiblancos y marc\u00f3 5 goles en 37 minutos -el \u00faltimo de Pizzi en el 82- para dejar el marcador en un 5-4 (los cuatro goles del Atl\u00e9tico los marc\u00f3 Milinko Pantic).<\/p>\n<p>Los hombres de Bobby Robson acabar\u00edan inscribiendo su nombre en aquella Copa, que ganaron al Betis (3-2) en una final disputada en el Santiago Bernab\u00e9u.<\/p>\n<p><iframe loading=\"lazy\" src=\"https:\/\/www.youtube.com\/embed\/49NlzBzguZw?ecver=1\" frameborder=\"0\" allowfullscreen=\"allowfullscreen\"><\/iframe><\/p>\n<p><a href=\"https:\/\/www.futboltotal.com.mx\/2017\/03\/patriots-dio-bienvenida-al-barcelona-al-club-las-remontadas\/\">VER M\u00c1S: PATRIOTS DAN BIENVENIDA AL BAR\u00c7A AL &#8216;CLUB DE LAS REMONTADAS&#8217;<\/a><\/p>\n<p><strong>RIVALDO (2001)<\/strong><\/p>\n<p>Rivaldo tambi\u00e9n fue h\u00e9roe en una noche menor que el Barcelona vivi\u00f3 en el Camp Nou el 18 de junio de 2001, cuando se disputaba la \u00faltima jornada de Liga.<\/p>\n<p>El brasile\u00f1o, con un &#8216;hat-trick&#8217; contra el Valencia (3-2), rescataba a su equipo de la depresi\u00f3n y lo clasificaba para disputar la siguiente Liga de Campeones con un golazo de chilena en el minuto 88.<\/p>\n<p>Los aficionados cul\u00e9s, que en una temporada para olvidar ya se ve\u00edan fuera de la &#8216;Champions&#8217;, celebraron aquel triunfo ag\u00f3nico como si acabasen de ganar la Copa de Europa.<\/p>\n<p><iframe loading=\"lazy\" src=\"https:\/\/www.youtube.com\/embed\/B_qOCnoIMgE?ecver=1\" frameborder=\"0\" allowfullscreen=\"allowfullscreen\"><\/iframe><\/p>\n<p><strong>JULIANO BELLETI (2006)<\/strong><\/p>\n<p>Volviendo a la Liga de Campeones, la historia del Barcelona tiene otros dos h\u00e9roes recientes: Juliano Belletti y Andr\u00e9s Iniesta.<\/p>\n<p>El lateral brasile\u00f1o dio la segunda Copa de Europa a los azulgranas anotando, en el minuto 81, el 2-1 en la final contra el Arsenal en el Estadio de Saint Denis (17 de mayo de 2006).<\/p>\n<p><iframe loading=\"lazy\" src=\"https:\/\/www.youtube.com\/embed\/VsdMmDwCY10?ecver=1\" frameborder=\"0\" allowfullscreen=\"allowfullscreen\"><\/iframe><\/p>\n<p><strong>ANDR\u00c9S INIESTA (2009)<\/strong><\/p>\n<p>Iniesta ya ser\u00e1 para siempre &#8216;el h\u00e9roe de Stamford Bridge&#8217;. El 6 de mayo de 2009, corr\u00eda el minuto 92 y el Chelsea ganaba por 1-0 en la vuelta de las semifinales de la Liga Campeones (la ida, disputada en el Camp Nou, hab\u00eda acabado 0-0).<\/p>\n<p>Hasta que don Andr\u00e9s recibi\u00f3 un bal\u00f3n de Messi y solt\u00f3 un zapatazo desde la frontal que se col\u00f3 por toda la escuadra de la porter\u00eda de Petr Cech. En Roma, el Bar\u00e7a ganar\u00eda su tercera copa de Europa al derrotar al Manchester United de Cristiano Ronaldo por 2-0.<\/p>\n<p><iframe loading=\"lazy\" src=\"https:\/\/www.youtube.com\/embed\/Mg9PBpfTw9g?ecver=1\" frameborder=\"0\" allowfullscreen=\"allowfullscreen\"><\/iframe><\/p>\n<p>Sergi Roberto se uni\u00f3 ayer al ilustre club que forman los h\u00e9roes de la historia del Barcelona. El 8 de marzo de 2017 se recordar\u00e1 para siempre. Fue la noche en la que un canterano de Reus culmin\u00f3 la remontada m\u00e1s sorprendente y brutal de la historia.<\/p>\n<p class=\"p1\"><span class=\"s1\"><b>S\u00edguenos en Twitter<\/b>:\u00a0<a href=\"https:\/\/twitter.com\/MXFutbolTotal\"><span class=\"s2\">@MXFutbolTotal<\/span><\/a><\/span><\/p>\n","protected":false},"excerpt":{"rendered":"<p>Sergi Roberto se une a nombres como Bakero, Koeman, Pizzi, Rivaldo, Belletti o Iniesta.<\/p>\n","protected":false},"author":144,"featured_media":467432,"comment_status":"closed","ping_status":"closed","sticky":false,"template":"","format":"standard","meta":[],"categories":[3841,5,3839],"tags":[2086,5984,97,36,114,8316,6339],"_links":{"self":[{"href":"http:\/\/desarrollo.grupomedios.com\/futbol\/wp-json\/wp\/v2\/posts\/467429"}],"collection":[{"href":"http:\/\/desarrollo.grupomedios.com\/futbol\/wp-json\/wp\/v2\/posts"}],"about":[{"href":"http:\/\/desarrollo.grupomedios.com\/futbol\/wp-json\/wp\/v2\/types\/post"}],"author":[{"embeddable":true,"href":"http:\/\/desarrollo.grupomedios.com\/futbol\/wp-json\/wp\/v2\/users\/144"}],"replies":[{"embeddable":true,"href":"http:\/\/desarrollo.grupomedios.com\/futbol\/wp-json\/wp\/v2\/comments?post=467429"}],"version-history":[{"count":0,"href":"http:\/\/desarrollo.grupomedios.com\/futbol\/wp-json\/wp\/v2\/posts\/467429\/revisions"}],"wp:featuredmedia":[{"embeddable":true,"href":"http:\/\/desarrollo.grupomedios.com\/futbol\/wp-json\/wp\/v2\/media\/467432"}],"wp:attachment":[{"href":"http:\/\/desarrollo.grupomedios.com\/futbol\/wp-json\/wp\/v2\/media?parent=467429"}],"wp:term":[{"taxonomy":"category","embeddable":true,"href":"http:\/\/desarrollo.grupomedios.com\/futbol\/wp-json\/wp\/v2\/categories?post=467429"},{"taxonomy":"post_tag","embeddable":true,"href":"http:\/\/desarrollo.grupomedios.com\/futbol\/wp-json\/wp\/v2\/tags?post=467429"}],"curies":[{"name":"wp","href":"https:\/\/api.w.org\/{rel}","templated":true}]}}