{"id":467567,"date":"2017-04-11T22:38:28","date_gmt":"2017-04-12T03:38:28","guid":{"rendered":"https:\/\/www.futboltotal.com.mx\/?p=467567"},"modified":"2017-04-12T00:07:48","modified_gmt":"2017-04-12T05:07:48","slug":"futbolistas-que-triunfaron-con-america-y-necaxa","status":"publish","type":"post","link":"http:\/\/desarrollo.grupomedios.com\/futbol\/videos\/futbolistas-que-triunfaron-con-america-y-necaxa\/2017\/04","title":{"rendered":"Futbolistas que triunfaron con Am\u00e9rica y Necaxa"},"content":{"rendered":"<p><strong>Am\u00e9rica<\/strong> y <strong>Necaxa<\/strong> se reencuentran en la Liga MX, con su encuentro correspondiente a la jornada 10 del Clausura 2017. Ambos clubes tienen una historia entre s\u00ed que tiene varios pasajes y situaciones inolvidables, entre las que destaca, el haber compartido futbolistas.<\/p>\n<p>Muchos son los nombres que surgen cuando se habla de jugadores que militaron en <strong>Am\u00e9rica<\/strong> y <strong>Necaxa<\/strong>; sin embargo, pocos pudieron conquistar alg\u00fan t\u00edtulo con ambas escuadras, aqu\u00ed recopilamos a esa \u00e9lite de futbolistas que lo consiguieron.<\/p>\n<p style=\"text-align: center;\"><span style=\"color: #3366ff;\"><a style=\"color: #3366ff;\" href=\"https:\/\/www.futboltotal.com.mx\/2017\/03\/dia-internacional-la-mujer-duenas-del-balon\/\" target=\"_blank\"><strong>LEER M\u00c1S: Mujeres due\u00f1as del bal\u00f3n | Los altos mandos del futbol ocupados por f\u00e9minas<\/strong><\/a><\/span><\/p>\n<p>[video_player]https:\/\/player.vimeo.com\/external\/207692817.hd.mp4?s=993185020022937f97510d5445f83073aed49a02&amp;profile_id=174[\/video_player]<\/p>\n<p><strong>Ricardo Pel\u00e1ez<\/strong> | Fue campe\u00f3n con Am\u00e9rica en el PRODE 85, justo en el a\u00f1o de su debut. Jug\u00f3 para las <em>\u00c1guilas<\/em> en dos etapas: 1985-87 y 1997-98. Con los <em>Rayos<\/em>, gan\u00f3 las tempradas 1994-95 y 95-96, adem\u00e1s de una Copa y una Supercopa; es el m\u00e1ximo anotador hist\u00f3rico de Necaxa, con138 goles en Liga.<\/p>\n<p><strong>Carlos Hermosillo<\/strong> | Gan\u00f3 cinco t\u00edtulos de Liga con Am\u00e9rica, entre 1983 y 1989; aunque en el PRODE 85 fue baja por estar concentrado con el <em>Tri<\/em>. Su \u00faltimo campeonato de Liga MX como profesional, fue en el Invierno 1998, con el Necaxa; dio la asistencia en el gol que defini\u00f3 el t\u00edtulo.<\/p>\n<p><strong>Adolfo R\u00edos<\/strong> | Su primer t\u00edtulo de Liga fue con Necaxa, en el Invierno 1998, donde tuvo atajadas sobresalientes, incluso detuvo un penal en el juego definitivo. Fue campe\u00f3n de CONCACAF en 1999. El segundo y \u00faltimo t\u00edtulo de Liga que obtuvo, fue con Am\u00e9rica, en el Verano 2002; tambi\u00e9n tuvo vuelos destacados en el duelo final. Fue campe\u00f3n de CONCACAF en 2001.<\/p>\n<p><strong>Luis Hern\u00e1ndez<\/strong> | Fue bicampe\u00f3n con los <em>Rayos<\/em> en las campa\u00f1as 1994-95 y 1995-96. Jug\u00f3 en dos etapas con Necaxa:1994-97 y Verano 1998. Con las <em>\u00c1guilas<\/em> conquist\u00f3 el Verano 2002, aunque no jug\u00f3 la Liguilla por estar concentrado con el Tri para el Mundial.<\/p>\n<p><strong>Efra\u00edn Herrera<\/strong> | El <em>Cuchillo<\/em> Herrera fue bicampe\u00f3n con las <em>\u00c1guilas<\/em> en las campa\u00f1as 1987-88 y 1988-89. Con Necaxa, fue miembro del plantel que obtuvo el primer t\u00edtulo de Liga <em>rojiblanco<\/em>: en la temporada 1994-95.<\/p>\n<p><strong>Otros<\/strong> | Hubo varios futbolistas que fueron campeones s\u00f3lo con uno de los dos equipos, aunque pudieron destacar en el otro; como es el caso de Luis Roberto Alves Zague y Cuauht\u00e9moc Blanco, que fueron campeones con las <em>\u00c1guilas<\/em>, pero con los <em>Rayos<\/em> fueron subcampeones; o Alberto Garc\u00eda Aspe y Sergio Z\u00e1rate, que ganaron t\u00edtulos con Necaxa, pero en Am\u00e9rica no pudieron alcanzar la gloria.<\/p>\n<p><strong>S\u00edguenos en Twitter:<\/strong> <a href=\"https:\/\/twitter.com\/MXFutbolTotal\" target=\"_blank\">@MXFutbolTotal<\/a><\/p>\n","protected":false},"excerpt":{"rendered":"<p>Estos jugadores fueron campeones con ambas escuadras.<\/p>\n","protected":false},"author":20,"featured_media":467569,"comment_status":"closed","ping_status":"closed","sticky":false,"template":"","format":"standard","meta":[],"categories":[7570,2198,3845,4,6433],"tags":[5959,261],"_links":{"self":[{"href":"http:\/\/desarrollo.grupomedios.com\/futbol\/wp-json\/wp\/v2\/posts\/467567"}],"collection":[{"href":"http:\/\/desarrollo.grupomedios.com\/futbol\/wp-json\/wp\/v2\/posts"}],"about":[{"href":"http:\/\/desarrollo.grupomedios.com\/futbol\/wp-json\/wp\/v2\/types\/post"}],"author":[{"embeddable":true,"href":"http:\/\/desarrollo.grupomedios.com\/futbol\/wp-json\/wp\/v2\/users\/20"}],"replies":[{"embeddable":true,"href":"http:\/\/desarrollo.grupomedios.com\/futbol\/wp-json\/wp\/v2\/comments?post=467567"}],"version-history":[{"count":1,"href":"http:\/\/desarrollo.grupomedios.com\/futbol\/wp-json\/wp\/v2\/posts\/467567\/revisions"}],"predecessor-version":[{"id":473553,"href":"http:\/\/desarrollo.grupomedios.com\/futbol\/wp-json\/wp\/v2\/posts\/467567\/revisions\/473553"}],"wp:featuredmedia":[{"embeddable":true,"href":"http:\/\/desarrollo.grupomedios.com\/futbol\/wp-json\/wp\/v2\/media\/467569"}],"wp:attachment":[{"href":"http:\/\/desarrollo.grupomedios.com\/futbol\/wp-json\/wp\/v2\/media?parent=467567"}],"wp:term":[{"taxonomy":"category","embeddable":true,"href":"http:\/\/desarrollo.grupomedios.com\/futbol\/wp-json\/wp\/v2\/categories?post=467567"},{"taxonomy":"post_tag","embeddable":true,"href":"http:\/\/desarrollo.grupomedios.com\/futbol\/wp-json\/wp\/v2\/tags?post=467567"}],"curies":[{"name":"wp","href":"https:\/\/api.w.org\/{rel}","templated":true}]}}