{"id":467580,"date":"2017-03-10T10:03:40","date_gmt":"2017-03-10T16:03:40","guid":{"rendered":"https:\/\/www.futboltotal.com.mx\/?p=467580"},"modified":"2017-03-10T10:04:40","modified_gmt":"2017-03-10T16:04:40","slug":"argumento-america-defendera-a-pablo-aguilar","status":"publish","type":"post","link":"http:\/\/desarrollo.grupomedios.com\/futbol\/destacado-home\/argumento-america-defendera-a-pablo-aguilar\/2017\/03","title":{"rendered":"El &#8216;argumento&#8217; con el que el Am\u00e9rica defender\u00e1 a Pablo Aguilar"},"content":{"rendered":"<p>Usar hasta la \u00faltima carta, o el colmo del absurdo. <strong>Am\u00e9rica<\/strong> no\u00a0da por hecho nada en torno al futuro del zaguero paraguayo <a href=\"https:\/\/www.futboltotal.com.mx\/2017\/03\/pablo-aguilar-inhabilitado-ano-agresion-arbitro\/\"><strong>Pablo Aguilar<\/strong>, quien dio un <strong>cabezazo<\/strong> al silbante Fernando Hern\u00e1ndez<\/a> al final del partido en el que las <a href=\"https:\/\/www.futboltotal.com.mx\/2017\/03\/resultados-copa-mx-xolos-1-0-america\/\"><em>\u00c1guilas<\/em> fueron eliminadas por <strong>Tijuana<\/strong> de la <strong>Copa MX<\/strong><\/a>.<\/p>\n<p>De acuerdo a reportes del diario R\u00e9cord, los americanistas han analizado las opciones que tienen en busca de reducir el castigo que recibir\u00e1 su central y parece que ya tiene el argumento con el que lo defender\u00e1n.<\/p>\n<p>&nbsp;<\/p>\n<blockquote class=\"twitter-video\" data-lang=\"es\">\n<p dir=\"ltr\" lang=\"es\"><a href=\"https:\/\/twitter.com\/hashtag\/Erastad%C3%ADsticasFutboleras?src=hash\">#Erastad\u00edsticasFutboleras<\/a><br \/>\nIncre\u00edble&#x1f631;la <a href=\"https:\/\/twitter.com\/FMF\">@FMF<\/a> report\u00f3 a Pablo Aguilar por conducta violenta y no\u274eagresi\u00f3n arbitral&#x1f602;\u23ec <a href=\"https:\/\/t.co\/FEx0hcbB0e\">pic.twitter.com\/FEx0hcbB0e<\/a><\/p>\n<p>\u2014 #Erastad\u00edsticas (@EraSandria2) <a href=\"https:\/\/twitter.com\/EraSandria2\/status\/840004692717518848\">10 de marzo de 2017<\/a><\/p><\/blockquote>\n<p><script async src=\"\/\/platform.twitter.com\/widgets.js\" charset=\"utf-8\"><\/script><\/p>\n<p>Al parecer, la directiva azulcrema cuenta con una imagen en la que el guaran\u00ed est\u00e1 corriendo en direcci\u00f3n al \u00e1rbitro y poco antes de encararlo se tropez\u00f3, lo que caus\u00f3 que la acci\u00f3n se viera m\u00e1s aparatosa de lo que realmente fue, adem\u00e1s de ser el motivo porque el futbolista no pudo frenar antes su carrera y acab\u00f3 teniendo un contacto con el colegiado. Dif\u00edcil de creer.<\/p>\n<p style=\"text-align: center;\"><a href=\"https:\/\/www.futboltotal.com.mx\/2017\/03\/pablo-aguilar-seria-suspendido-1-3-juegos\/\" target=\"_blank\"><strong>LEER M\u00c1S: PABLO AGUILAR S\u00d3LO SER\u00cdA SUSPENDIDO TRES JUEGOS<\/strong><\/a><\/p>\n<p>Al parecer, esta misma versi\u00f3n de lo sucedido se le repiti\u00f3 hasta el cansancio al silbante luego del lamentable episodio, buscando que en la c\u00e9dula arbitral no se asentara la acci\u00f3n como una agresi\u00f3n.<\/p>\n<p>A\u00fan cuando este argumento pudiera minimizar el castigo para Aguilar, el Am\u00e9rica tiene muy claro que su jugador se equivoc\u00f3, pero la intenci\u00f3n es que no se presente una inhabilitaci\u00f3n que aplique en todo torneo, como la Liga MX. Este viernes, la directiva americanista presentar\u00e1 sus pruebas ante la Comisi\u00f3n Disciplinaria, al igual que la parte arbitral argumentar\u00e1 la agresi\u00f3n.<\/p>\n<p style=\"text-align: center;\"><a href=\"https:\/\/www.futboltotal.com.mx\/2017\/03\/agresiones-a-los-arbitros-en-liga-mx\/\">VER M\u00c1S: \u00a1AGRESIONES A LOS \u00c1RBITROS EN EL FUTBOL MEXICANO!<\/a><\/p>\n<p class=\"p1\"><span class=\"s1\"><b>S\u00edguenos en Twitter<\/b>:\u00a0<a href=\"https:\/\/twitter.com\/MXFutbolTotal\"><span class=\"s2\">@MXFutbolTotal<\/span><\/a><\/span><\/p>\n","protected":false},"excerpt":{"rendered":"<p>Los americanistas han analizado las opciones que tienen en busca de reducir el castigo que recibir\u00e1 su central.<\/p>\n","protected":false},"author":20,"featured_media":467370,"comment_status":"closed","ping_status":"closed","sticky":false,"template":"","format":"standard","meta":[],"categories":[4247,5,2198,3845],"tags":[1585,5959,8317,285,64,994],"_links":{"self":[{"href":"http:\/\/desarrollo.grupomedios.com\/futbol\/wp-json\/wp\/v2\/posts\/467580"}],"collection":[{"href":"http:\/\/desarrollo.grupomedios.com\/futbol\/wp-json\/wp\/v2\/posts"}],"about":[{"href":"http:\/\/desarrollo.grupomedios.com\/futbol\/wp-json\/wp\/v2\/types\/post"}],"author":[{"embeddable":true,"href":"http:\/\/desarrollo.grupomedios.com\/futbol\/wp-json\/wp\/v2\/users\/20"}],"replies":[{"embeddable":true,"href":"http:\/\/desarrollo.grupomedios.com\/futbol\/wp-json\/wp\/v2\/comments?post=467580"}],"version-history":[{"count":0,"href":"http:\/\/desarrollo.grupomedios.com\/futbol\/wp-json\/wp\/v2\/posts\/467580\/revisions"}],"wp:featuredmedia":[{"embeddable":true,"href":"http:\/\/desarrollo.grupomedios.com\/futbol\/wp-json\/wp\/v2\/media\/467370"}],"wp:attachment":[{"href":"http:\/\/desarrollo.grupomedios.com\/futbol\/wp-json\/wp\/v2\/media?parent=467580"}],"wp:term":[{"taxonomy":"category","embeddable":true,"href":"http:\/\/desarrollo.grupomedios.com\/futbol\/wp-json\/wp\/v2\/categories?post=467580"},{"taxonomy":"post_tag","embeddable":true,"href":"http:\/\/desarrollo.grupomedios.com\/futbol\/wp-json\/wp\/v2\/tags?post=467580"}],"curies":[{"name":"wp","href":"https:\/\/api.w.org\/{rel}","templated":true}]}}