{"id":467595,"date":"2017-03-10T10:56:49","date_gmt":"2017-03-10T16:56:49","guid":{"rendered":"https:\/\/www.futboltotal.com.mx\/?p=467595"},"modified":"2017-03-10T10:56:49","modified_gmt":"2017-03-10T16:56:49","slug":"nuevo-tecnico-chicharito-confeso-lo-ve-mejor-vela","status":"publish","type":"post","link":"http:\/\/desarrollo.grupomedios.com\/futbol\/futbol-internacional\/nuevo-tecnico-chicharito-confeso-lo-ve-mejor-vela\/2017\/03","title":{"rendered":"El nuevo t\u00e9cnico de Chicharito &#8216;confes\u00f3&#8217; que lo ve mejor que Vela"},"content":{"rendered":"<p>Con la llegada de un nuevo t\u00e9cnico a cargo del <strong>Bayer Leverkusen<\/strong>, <strong>Tayfun Korkut<\/strong>, una de las inc\u00f3gnitas que se ha despertado es qu\u00e9 le depara al delantero Javier <strong><em>Chicharito<\/em> Hern\u00e1ndez<\/strong>, misma que pronto ha sido resuelta en favor del mexicano.<\/p>\n<p>En una entrevista con Marca Claro, el entrenador turco-alem\u00e1n confes\u00f3 su gusto por un jugador como Javier, de quien sabe que es clave en las aspiraciones del cuadro de las <em>Aspirinas<\/em>.<\/p>\n<p>&#8220;Tengo la ventaja de poder hablar en castellano con \u00e9l y con alg\u00fan compa\u00f1ero m\u00e1s. Ya lo he hecho varias veces estos d\u00edas. Es un jugador muy importante para el Bayer y s\u00e9 que tambi\u00e9n lo es en M\u00e9xico. Est\u00e1 muy metido en el trabajo y eso es muy importante y bueno para nosotros&#8221;, mencion\u00f3 el entrenador.<\/p>\n<p style=\"text-align: center;\"><a href=\"https:\/\/www.futboltotal.com.mx\/2017\/03\/klinsmann-podria-dt-chicharito\/\">VER M\u00c1S: J\u00dcRGEN KLINSMANN PODR\u00cdA DIRIGIR AL CHICHARITO<\/a><\/p>\n<p>Acerca de una comparaci\u00f3n entre Hern\u00e1ndez y su compatriota <strong>Carlos Vela<\/strong>, jugador de la Real Sociedad,\u00a0Korkut no quiso responder de forma directa, pero entre l\u00edneas mostr\u00f3 su predilecci\u00f3n por el jugador que ahora dirige.<\/p>\n<p>&#8220;No me gusta compararles, pero <em>Chicharito<\/em> ha metido goles en el Manchester United, el Real Madrid y ahora aqu\u00ed, en el Bayer, y eso dice much\u00edsimo de su gran nivel. No es f\u00e1cil marcar en distintos pa\u00edses y distintas Ligas y \u00e9l lo ha hecho en probablemente las tres m\u00e1s fuertes&#8221;, a\u00f1adi\u00f3.<\/p>\n<p class=\"p1\"><span class=\"s1\"><b>S\u00edguenos en Twitter<\/b>:\u00a0<a href=\"https:\/\/twitter.com\/MXFutbolTotal\"><span class=\"s2\">@MXFutbolTotal<\/span><\/a><\/span><\/p>\n","protected":false},"excerpt":{"rendered":"<p>Tayfun Korkut habl\u00f3 acerca de una comparaci\u00f3n entre Hern\u00e1ndez y su compatriota Carlos Vela.<\/p>\n","protected":false},"author":20,"featured_media":463042,"comment_status":"closed","ping_status":"closed","sticky":false,"template":"","format":"standard","meta":[],"categories":[3839,6822,6718],"tags":[4335,119,6048,120,5985,549,4343],"_links":{"self":[{"href":"http:\/\/desarrollo.grupomedios.com\/futbol\/wp-json\/wp\/v2\/posts\/467595"}],"collection":[{"href":"http:\/\/desarrollo.grupomedios.com\/futbol\/wp-json\/wp\/v2\/posts"}],"about":[{"href":"http:\/\/desarrollo.grupomedios.com\/futbol\/wp-json\/wp\/v2\/types\/post"}],"author":[{"embeddable":true,"href":"http:\/\/desarrollo.grupomedios.com\/futbol\/wp-json\/wp\/v2\/users\/20"}],"replies":[{"embeddable":true,"href":"http:\/\/desarrollo.grupomedios.com\/futbol\/wp-json\/wp\/v2\/comments?post=467595"}],"version-history":[{"count":0,"href":"http:\/\/desarrollo.grupomedios.com\/futbol\/wp-json\/wp\/v2\/posts\/467595\/revisions"}],"wp:featuredmedia":[{"embeddable":true,"href":"http:\/\/desarrollo.grupomedios.com\/futbol\/wp-json\/wp\/v2\/media\/463042"}],"wp:attachment":[{"href":"http:\/\/desarrollo.grupomedios.com\/futbol\/wp-json\/wp\/v2\/media?parent=467595"}],"wp:term":[{"taxonomy":"category","embeddable":true,"href":"http:\/\/desarrollo.grupomedios.com\/futbol\/wp-json\/wp\/v2\/categories?post=467595"},{"taxonomy":"post_tag","embeddable":true,"href":"http:\/\/desarrollo.grupomedios.com\/futbol\/wp-json\/wp\/v2\/tags?post=467595"}],"curies":[{"name":"wp","href":"https:\/\/api.w.org\/{rel}","templated":true}]}}