{"id":467602,"date":"2017-03-10T12:16:39","date_gmt":"2017-03-10T18:16:39","guid":{"rendered":"https:\/\/www.futboltotal.com.mx\/?p=467602"},"modified":"2017-03-10T12:16:39","modified_gmt":"2017-03-10T18:16:39","slug":"choque-mexicano-en-espana-nayeli-rangel-vs-charlyn-corral","status":"publish","type":"post","link":"http:\/\/desarrollo.grupomedios.com\/futbol\/futbol-internacional\/choque-mexicano-en-espana-nayeli-rangel-vs-charlyn-corral\/2017\/03","title":{"rendered":"Choque mexicano en Espa\u00f1a: Nayeli Rangel vs. Charlyn Corral"},"content":{"rendered":"<p>Los duelos de futbolistas mexicanos en el futbol europeo ya son mucho m\u00e1s comunes de lo que resultaban hace algunos a\u00f1os, ya sea cuando se enfrentan sus respectivos clubes en ligas como las de Espa\u00f1a o Portugal e incluso en la Champions League.<\/p>\n<p>Sin embargo, en el futbol femenil tambi\u00e9n hay la posibilidad de ver duelos de mexicanas jugando en ligas del viejo continente. Precisamente este fin de semana se disputar\u00e1 el <strong>Sporting de Huelva vs. Levante<\/strong>, partido en el que se ver\u00e1n las caras las atacantes <strong>Nayeli Rangel y Charlyn Corral<\/strong>.<\/p>\n<p>&nbsp;<\/p>\n<blockquote class=\"twitter-tweet\" data-lang=\"es\">\n<p dir=\"ltr\" lang=\"es\">Rangel y Corral, ilusi\u00f3n y coraje en Espa\u00f1a por el avance del f\u00fatbol mexicano: <a href=\"https:\/\/t.co\/6DPfk2JPrK\">https:\/\/t.co\/6DPfk2JPrK<\/a> <a href=\"https:\/\/twitter.com\/hashtag\/futfem?src=hash\">#futfem<\/a> <a href=\"https:\/\/t.co\/hcpY5abNUk\">pic.twitter.com\/hcpY5abNUk<\/a><\/p>\n<p>\u2014 FIFA.com en espa\u00f1ol (@fifacom_es) <a href=\"https:\/\/twitter.com\/fifacom_es\/status\/840220063324073984\">10 de marzo de 2017<\/a><\/p><\/blockquote>\n<p><script async src=\"\/\/platform.twitter.com\/widgets.js\" charset=\"utf-8\"><\/script><\/p>\n<p>Las dos delanteras son fundamentales en las aspiraciones de sus respectivos clubes. Corral ya vive su segunda campa\u00f1a con el cuadro levantino, mientras que Rangel apenas acumula algunos meses jugando en Espa\u00f1a.<\/p>\n<p>Sin embargo, las realidades que viven las dos jugadoras son distintas. Mientras que el Levante de Charlyn marcha en la cuarta plaza y a un punto del tercer puesto, el Sporting de Huelva no ha logrado levantar su andar en la liga espa\u00f1ola femenil ni con la llegada de Rangel y ocupan el octavo puesto.<\/p>\n<p class=\"p1\"><span class=\"s1\"><b>S\u00edguenos en Twitter<\/b>:\u00a0<a href=\"https:\/\/twitter.com\/MXFutbolTotal\"><span class=\"s2\">@MXFutbolTotal<\/span><\/a><\/span><\/p>\n","protected":false},"excerpt":{"rendered":"<p>En el futbol femenil tambi\u00e9n hay la posibilidad de ver duelos de mexicanas jugando en el viejo continente.<\/p>\n","protected":false},"author":20,"featured_media":467607,"comment_status":"closed","ping_status":"closed","sticky":false,"template":"","format":"standard","meta":[],"categories":[3839,3844,6718],"tags":[4008,5506,568,8319,7794,7968],"_links":{"self":[{"href":"http:\/\/desarrollo.grupomedios.com\/futbol\/wp-json\/wp\/v2\/posts\/467602"}],"collection":[{"href":"http:\/\/desarrollo.grupomedios.com\/futbol\/wp-json\/wp\/v2\/posts"}],"about":[{"href":"http:\/\/desarrollo.grupomedios.com\/futbol\/wp-json\/wp\/v2\/types\/post"}],"author":[{"embeddable":true,"href":"http:\/\/desarrollo.grupomedios.com\/futbol\/wp-json\/wp\/v2\/users\/20"}],"replies":[{"embeddable":true,"href":"http:\/\/desarrollo.grupomedios.com\/futbol\/wp-json\/wp\/v2\/comments?post=467602"}],"version-history":[{"count":0,"href":"http:\/\/desarrollo.grupomedios.com\/futbol\/wp-json\/wp\/v2\/posts\/467602\/revisions"}],"wp:featuredmedia":[{"embeddable":true,"href":"http:\/\/desarrollo.grupomedios.com\/futbol\/wp-json\/wp\/v2\/media\/467607"}],"wp:attachment":[{"href":"http:\/\/desarrollo.grupomedios.com\/futbol\/wp-json\/wp\/v2\/media?parent=467602"}],"wp:term":[{"taxonomy":"category","embeddable":true,"href":"http:\/\/desarrollo.grupomedios.com\/futbol\/wp-json\/wp\/v2\/categories?post=467602"},{"taxonomy":"post_tag","embeddable":true,"href":"http:\/\/desarrollo.grupomedios.com\/futbol\/wp-json\/wp\/v2\/tags?post=467602"}],"curies":[{"name":"wp","href":"https:\/\/api.w.org\/{rel}","templated":true}]}}